{"id":6228,"date":"2025-12-19T09:57:50","date_gmt":"2025-12-19T14:57:50","guid":{"rendered":"https:\/\/revues.uqam.ca\/prefix\/?p=6228"},"modified":"2026-02-23T14:15:46","modified_gmt":"2026-02-23T19:15:46","slug":"conference-vous-etes-ici-cartographie-genree-des-ia-educatives-par-isabelle-collet","status":"publish","type":"post","link":"https:\/\/revues.uqam.ca\/prefix\/videos\/conference-vous-etes-ici-cartographie-genree-des-ia-educatives-par-isabelle-collet\/","title":{"rendered":"Conf\u00e9rence: \u00abVous \u00eates ici! Cartographie genr\u00e9e des IA \u00e9ducatives\u00bb par Isabelle Collet"},"content":{"rendered":"\n<p>Quatre grandes cat\u00e9gories sont distingu\u00e9es : les syst\u00e8mes adaptatifs et personnalis\u00e9s, qui ajustent les contenus aux besoins des apprenantes et apprenants, souvent \u00e0 l\u2019aide d\u2019IA g\u00e9n\u00e9ratives comme ChatGPT, Copilot ou Midjourney; les syst\u00e8mes de tutorat intelligent, qui proposent un accompagnement p\u00e9dagogique individualis\u00e9; les outils de mesure et d\u2019\u00e9valuation, permettant notamment la notation automatis\u00e9e; les dispositifs de profilage et de pr\u00e9diction, utilis\u00e9s pour l\u2019orientation scolaire, l\u2019admission ou la pr\u00e9vention du d\u00e9crochage.<\/p>\n\n\n\n<p>Au-del\u00e0 de leurs promesses d\u2019efficacit\u00e9 et de personnalisation, ces technologies comportent des risques de biais et d\u2019in\u00e9galit\u00e9s, notamment de genre. La focalisation actuelle sur les IA g\u00e9n\u00e9ratives tend \u00e0 invisibiliser ces enjeux essentiels.<\/p>\n\n\n\n<figure class=\"wp-block-embed is-type-video is-provider-youtube wp-block-embed-youtube wp-embed-aspect-16-9 wp-has-aspect-ratio\"><div class=\"wp-block-embed__wrapper\">\n<iframe loading=\"lazy\" title=\"Vous \u00eates ici ! Cartographie genr\u00e9e des IA \u00e9ducatives, Conf\u00e9rence d&#039;Isabelle Collet\" width=\"500\" height=\"281\" src=\"https:\/\/www.youtube.com\/embed\/ZV-JtXet7r4?feature=oembed\" frameborder=\"0\" allow=\"accelerometer; autoplay; clipboard-write; encrypted-media; gyroscope; picture-in-picture; web-share\" referrerpolicy=\"strict-origin-when-cross-origin\" allowfullscreen><\/iframe>\n<\/div><\/figure>\n","protected":false},"excerpt":{"rendered":"<p>Quatre grandes cat\u00e9gories sont distingu\u00e9es : les syst\u00e8mes adaptatifs et personnalis\u00e9s, qui ajustent les contenus aux besoins des apprenantes et apprenants, souvent \u00e0 l\u2019aide d\u2019IA g\u00e9n\u00e9ratives comme ChatGPT, Copilot ou Midjourney; les syst\u00e8mes de tutorat intelligent, qui proposent un accompagnement p\u00e9dagogique individualis\u00e9; les outils de mesure et d\u2019\u00e9valuation, permettant notamment la notation automatis\u00e9e; les dispositifs [&hellip;]<\/p>\n","protected":false},"author":1,"featured_media":1926,"comment_status":"closed","ping_status":"closed","sticky":false,"template":"","format":"standard","meta":{"_acf_changed":false,"advgb_blocks_editor_width":"","advgb_blocks_columns_visual_guide":"","footnotes":""},"categories":[453],"tags":[1208,1207,1209,494],"ppma_author":[1206],"class_list":["post-6228","post","type-post","status-publish","format-standard","has-post-thumbnail","hentry","category-videos","tag-genres","tag-ia","tag-ia-educatives","tag-inegalites"],"acf":[],"yoast_head":"<!-- This site is optimized with the Yoast SEO plugin v22.1 - https:\/\/yoast.com\/wordpress\/plugins\/seo\/ -->\n<title>Conf\u00e9rence: \u00abVous \u00eates ici! Cartographie genr\u00e9e des IA \u00e9ducatives\u00bb par Isabelle Collet | PR\u00c9FIX<\/title>\n<meta name=\"robots\" content=\"index, follow, max-snippet:-1, max-image-preview:large, max-video-preview:-1\" \/>\n<link rel=\"canonical\" href=\"https:\/\/revues.uqam.ca\/prefix\/videos\/conference-vous-etes-ici-cartographie-genree-des-ia-educatives-par-isabelle-collet\/\" \/>\n<meta property=\"og:locale\" content=\"fr_CA\" \/>\n<meta property=\"og:type\" content=\"article\" \/>\n<meta property=\"og:title\" content=\"Conf\u00e9rence: \u00abVous \u00eates ici! Cartographie genr\u00e9e des IA \u00e9ducatives\u00bb par Isabelle Collet | PR\u00c9FIX\" \/>\n<meta property=\"og:description\" content=\"Quatre grandes cat\u00e9gories sont distingu\u00e9es : les syst\u00e8mes adaptatifs et personnalis\u00e9s, qui ajustent les contenus aux besoins des apprenantes et apprenants, souvent \u00e0 l\u2019aide d\u2019IA g\u00e9n\u00e9ratives comme ChatGPT, Copilot ou Midjourney; les syst\u00e8mes de tutorat intelligent, qui proposent un accompagnement p\u00e9dagogique individualis\u00e9; les outils de mesure et d\u2019\u00e9valuation, permettant notamment la notation automatis\u00e9e; les dispositifs [&hellip;]\" \/>\n<meta property=\"og:url\" content=\"https:\/\/revues.uqam.ca\/prefix\/videos\/conference-vous-etes-ici-cartographie-genree-des-ia-educatives-par-isabelle-collet\/\" \/>\n<meta property=\"og:site_name\" content=\"PR\u00c9FIX\" \/>\n<meta property=\"article:published_time\" content=\"2025-12-19T14:57:50+00:00\" \/>\n<meta property=\"article:modified_time\" content=\"2026-02-23T19:15:46+00:00\" \/>\n<meta property=\"og:image\" content=\"https:\/\/revues.uqam.ca\/prefix\/wp-content\/uploads\/sites\/4\/2023\/10\/UQAM_feminisphere_vignette_1080x1080.png\" \/>\n\t<meta property=\"og:image:width\" content=\"1081\" \/>\n\t<meta property=\"og:image:height\" content=\"1081\" \/>\n\t<meta property=\"og:image:type\" content=\"image\/png\" \/>\n<meta name=\"author\" content=\"Collet, Isabelle\" \/>\n<meta name=\"twitter:card\" content=\"summary_large_image\" \/>\n<meta name=\"twitter:label1\" content=\"\u00c9crit par\" \/>\n\t<meta name=\"twitter:data1\" content=\"Laporte, Jonathan\" \/>\n\t<meta name=\"twitter:label2\" content=\"Estimation du temps de lecture\" \/>\n\t<meta name=\"twitter:data2\" content=\"1 minute\" \/>\n<script type=\"application\/ld+json\" class=\"yoast-schema-graph\">{\"@context\":\"https:\/\/schema.org\",\"@graph\":[{\"@type\":\"WebPage\",\"@id\":\"https:\/\/revues.uqam.ca\/prefix\/videos\/conference-vous-etes-ici-cartographie-genree-des-ia-educatives-par-isabelle-collet\/\",\"url\":\"https:\/\/revues.uqam.ca\/prefix\/videos\/conference-vous-etes-ici-cartographie-genree-des-ia-educatives-par-isabelle-collet\/\",\"name\":\"Conf\u00e9rence: \u00abVous \u00eates ici! Cartographie genr\u00e9e des IA \u00e9ducatives\u00bb par Isabelle Collet | PR\u00c9FIX\",\"isPartOf\":{\"@id\":\"https:\/\/revues.uqam.ca\/prefix\/#website\"},\"datePublished\":\"2025-12-19T14:57:50+00:00\",\"dateModified\":\"2026-02-23T19:15:46+00:00\",\"author\":{\"@id\":\"https:\/\/revues.uqam.ca\/prefix\/#\/schema\/person\/2f138bcb5848bbd3421eb9d222e87983\"},\"breadcrumb\":{\"@id\":\"https:\/\/revues.uqam.ca\/prefix\/videos\/conference-vous-etes-ici-cartographie-genree-des-ia-educatives-par-isabelle-collet\/#breadcrumb\"},\"inLanguage\":\"fr-CA\",\"potentialAction\":[{\"@type\":\"ReadAction\",\"target\":[\"https:\/\/revues.uqam.ca\/prefix\/videos\/conference-vous-etes-ici-cartographie-genree-des-ia-educatives-par-isabelle-collet\/\"]}]},{\"@type\":\"BreadcrumbList\",\"@id\":\"https:\/\/revues.uqam.ca\/prefix\/videos\/conference-vous-etes-ici-cartographie-genree-des-ia-educatives-par-isabelle-collet\/#breadcrumb\",\"itemListElement\":[{\"@type\":\"ListItem\",\"position\":1,\"name\":\"UQAM\",\"item\":\"https:\/\/uqam.ca\"},{\"@type\":\"ListItem\",\"position\":2,\"name\":\"PR\u00c9FIX\",\"item\":\"https:\/\/revues.uqam.ca\/prefix\"},{\"@type\":\"ListItem\",\"position\":3,\"name\":\"Conf\u00e9rence: \u00abVous \u00eates ici! Cartographie genr\u00e9e des IA \u00e9ducatives\u00bb par Isabelle Collet\"}]},{\"@type\":\"WebSite\",\"@id\":\"https:\/\/revues.uqam.ca\/prefix\/#website\",\"url\":\"https:\/\/revues.uqam.ca\/prefix\/\",\"name\":\"PR\u00c9FIX\",\"description\":\"\",\"potentialAction\":[{\"@type\":\"SearchAction\",\"target\":{\"@type\":\"EntryPoint\",\"urlTemplate\":\"https:\/\/revues.uqam.ca\/prefix\/recherche\/?q={search_term_string}\"},\"query-input\":\"required name=search_term_string\"}],\"inLanguage\":\"fr-CA\"},{\"@type\":\"Person\",\"@id\":\"https:\/\/revues.uqam.ca\/prefix\/#\/schema\/person\/2f138bcb5848bbd3421eb9d222e87983\",\"name\":\"Laporte, Jonathan\",\"image\":{\"@type\":\"ImageObject\",\"inLanguage\":\"fr-CA\",\"@id\":\"https:\/\/revues.uqam.ca\/prefix\/#\/schema\/person\/image\/194bb2b0bbe9a7a9dbd334f4190811e1\",\"url\":\"https:\/\/secure.gravatar.com\/avatar\/064745b4f9b92b9af7de294b8db82c824b80019f5ffd151c99b31426eeff56de?s=96&d=mm&r=g\",\"contentUrl\":\"https:\/\/secure.gravatar.com\/avatar\/064745b4f9b92b9af7de294b8db82c824b80019f5ffd151c99b31426eeff56de?s=96&d=mm&r=g\",\"caption\":\"Laporte, Jonathan\"},\"sameAs\":[\"https:\/\/revues.uqam.ca\"],\"url\":\"https:\/\/revues.uqam.ca\/prefix\/author\/laporte_jon\/\"}]}<\/script>\n<!-- \/ Yoast SEO plugin. -->","yoast_head_json":{"title":"Conf\u00e9rence: \u00abVous \u00eates ici! Cartographie genr\u00e9e des IA \u00e9ducatives\u00bb par Isabelle Collet | PR\u00c9FIX","robots":{"index":"index","follow":"follow","max-snippet":"max-snippet:-1","max-image-preview":"max-image-preview:large","max-video-preview":"max-video-preview:-1"},"canonical":"https:\/\/revues.uqam.ca\/prefix\/videos\/conference-vous-etes-ici-cartographie-genree-des-ia-educatives-par-isabelle-collet\/","og_locale":"fr_CA","og_type":"article","og_title":"Conf\u00e9rence: \u00abVous \u00eates ici! Cartographie genr\u00e9e des IA \u00e9ducatives\u00bb par Isabelle Collet | PR\u00c9FIX","og_description":"Quatre grandes cat\u00e9gories sont distingu\u00e9es : les syst\u00e8mes adaptatifs et personnalis\u00e9s, qui ajustent les contenus aux besoins des apprenantes et apprenants, souvent \u00e0 l\u2019aide d\u2019IA g\u00e9n\u00e9ratives comme ChatGPT, Copilot ou Midjourney; les syst\u00e8mes de tutorat intelligent, qui proposent un accompagnement p\u00e9dagogique individualis\u00e9; les outils de mesure et d\u2019\u00e9valuation, permettant notamment la notation automatis\u00e9e; les dispositifs [&hellip;]","og_url":"https:\/\/revues.uqam.ca\/prefix\/videos\/conference-vous-etes-ici-cartographie-genree-des-ia-educatives-par-isabelle-collet\/","og_site_name":"PR\u00c9FIX","article_published_time":"2025-12-19T14:57:50+00:00","article_modified_time":"2026-02-23T19:15:46+00:00","og_image":[{"width":1081,"height":1081,"url":"https:\/\/revues.uqam.ca\/prefix\/wp-content\/uploads\/sites\/4\/2023\/10\/UQAM_feminisphere_vignette_1080x1080.png","type":"image\/png"}],"author":"Collet, Isabelle","twitter_card":"summary_large_image","twitter_misc":{"\u00c9crit par":"Laporte, Jonathan","Estimation du temps de lecture":"1 minute"},"schema":{"@context":"https:\/\/schema.org","@graph":[{"@type":"WebPage","@id":"https:\/\/revues.uqam.ca\/prefix\/videos\/conference-vous-etes-ici-cartographie-genree-des-ia-educatives-par-isabelle-collet\/","url":"https:\/\/revues.uqam.ca\/prefix\/videos\/conference-vous-etes-ici-cartographie-genree-des-ia-educatives-par-isabelle-collet\/","name":"Conf\u00e9rence: \u00abVous \u00eates ici! Cartographie genr\u00e9e des IA \u00e9ducatives\u00bb par Isabelle Collet | PR\u00c9FIX","isPartOf":{"@id":"https:\/\/revues.uqam.ca\/prefix\/#website"},"datePublished":"2025-12-19T14:57:50+00:00","dateModified":"2026-02-23T19:15:46+00:00","author":{"@id":"https:\/\/revues.uqam.ca\/prefix\/#\/schema\/person\/2f138bcb5848bbd3421eb9d222e87983"},"breadcrumb":{"@id":"https:\/\/revues.uqam.ca\/prefix\/videos\/conference-vous-etes-ici-cartographie-genree-des-ia-educatives-par-isabelle-collet\/#breadcrumb"},"inLanguage":"fr-CA","potentialAction":[{"@type":"ReadAction","target":["https:\/\/revues.uqam.ca\/prefix\/videos\/conference-vous-etes-ici-cartographie-genree-des-ia-educatives-par-isabelle-collet\/"]}]},{"@type":"BreadcrumbList","@id":"https:\/\/revues.uqam.ca\/prefix\/videos\/conference-vous-etes-ici-cartographie-genree-des-ia-educatives-par-isabelle-collet\/#breadcrumb","itemListElement":[{"@type":"ListItem","position":1,"name":"UQAM","item":"https:\/\/uqam.ca"},{"@type":"ListItem","position":2,"name":"PR\u00c9FIX","item":"https:\/\/revues.uqam.ca\/prefix"},{"@type":"ListItem","position":3,"name":"Conf\u00e9rence: \u00abVous \u00eates ici! Cartographie genr\u00e9e des IA \u00e9ducatives\u00bb par Isabelle Collet"}]},{"@type":"WebSite","@id":"https:\/\/revues.uqam.ca\/prefix\/#website","url":"https:\/\/revues.uqam.ca\/prefix\/","name":"PR\u00c9FIX","description":"","potentialAction":[{"@type":"SearchAction","target":{"@type":"EntryPoint","urlTemplate":"https:\/\/revues.uqam.ca\/prefix\/recherche\/?q={search_term_string}"},"query-input":"required name=search_term_string"}],"inLanguage":"fr-CA"},{"@type":"Person","@id":"https:\/\/revues.uqam.ca\/prefix\/#\/schema\/person\/2f138bcb5848bbd3421eb9d222e87983","name":"Laporte, Jonathan","image":{"@type":"ImageObject","inLanguage":"fr-CA","@id":"https:\/\/revues.uqam.ca\/prefix\/#\/schema\/person\/image\/194bb2b0bbe9a7a9dbd334f4190811e1","url":"https:\/\/secure.gravatar.com\/avatar\/064745b4f9b92b9af7de294b8db82c824b80019f5ffd151c99b31426eeff56de?s=96&d=mm&r=g","contentUrl":"https:\/\/secure.gravatar.com\/avatar\/064745b4f9b92b9af7de294b8db82c824b80019f5ffd151c99b31426eeff56de?s=96&d=mm&r=g","caption":"Laporte, Jonathan"},"sameAs":["https:\/\/revues.uqam.ca"],"url":"https:\/\/revues.uqam.ca\/prefix\/author\/laporte_jon\/"}]}},"author_meta":{"display_name":"Laporte, Jonathan","author_link":"https:\/\/revues.uqam.ca\/prefix\/author\/laporte_jon\/"},"featured_img":"https:\/\/revues.uqam.ca\/prefix\/wp-content\/uploads\/sites\/4\/2023\/10\/UQAM_feminisphere_vignette_1080x1080-300x300.png","coauthors":[{"link":"https:\/\/revues.uqam.ca\/prefix\/author\/collet-isabelle\/","display_name":"Collet, Isabelle"}],"tax_additional":{"categories":{"linked":["<a href=\"https:\/\/revues.uqam.ca\/prefix\/category\/videos\/\" class=\"advgb-post-tax-term\">Vid\u00e9os<\/a>"],"unlinked":["<span class=\"advgb-post-tax-term\">Vid\u00e9os<\/span>"]},"tags":{"linked":["<a href=\"https:\/\/revues.uqam.ca\/prefix\/category\/videos\/\" class=\"advgb-post-tax-term\">genres<\/a>","<a href=\"https:\/\/revues.uqam.ca\/prefix\/category\/videos\/\" class=\"advgb-post-tax-term\">IA<\/a>","<a href=\"https:\/\/revues.uqam.ca\/prefix\/category\/videos\/\" class=\"advgb-post-tax-term\">IA \u00e9ducatives<\/a>","<a href=\"https:\/\/revues.uqam.ca\/prefix\/category\/videos\/\" class=\"advgb-post-tax-term\">in\u00e9galit\u00e9s<\/a>"],"unlinked":["<span class=\"advgb-post-tax-term\">genres<\/span>","<span class=\"advgb-post-tax-term\">IA<\/span>","<span class=\"advgb-post-tax-term\">IA \u00e9ducatives<\/span>","<span class=\"advgb-post-tax-term\">in\u00e9galit\u00e9s<\/span>"]}},"comment_count":"0","relative_dates":{"created":"Posted 4 mois ago","modified":"Updated 2 mois ago"},"absolute_dates":{"created":"Posted on 19 D\u00e9cembre 2025","modified":"Updated on 23 f\u00e9vrier 2026"},"absolute_dates_time":{"created":"Posted on 19 D\u00e9cembre 2025 9 h 57 min","modified":"Updated on 23 f\u00e9vrier 2026 14 h 15 min"},"featured_img_caption":"","series_order":"","authors":[{"term_id":1206,"user_id":0,"is_guest":1,"slug":"collet-isabelle","display_name":"Collet, Isabelle","avatar_url":{"url":"https:\/\/revues.uqam.ca\/prefix\/wp-content\/uploads\/sites\/4\/2026\/02\/Collet.png","url2x":"https:\/\/revues.uqam.ca\/prefix\/wp-content\/uploads\/sites\/4\/2026\/02\/Collet.png"},"1":"","2":"","3":"","4":"","5":"","6":"","7":"","8":""}],"_links":{"self":[{"href":"https:\/\/revues.uqam.ca\/prefix\/wp-json\/wp\/v2\/posts\/6228","targetHints":{"allow":["GET"]}}],"collection":[{"href":"https:\/\/revues.uqam.ca\/prefix\/wp-json\/wp\/v2\/posts"}],"about":[{"href":"https:\/\/revues.uqam.ca\/prefix\/wp-json\/wp\/v2\/types\/post"}],"author":[{"embeddable":true,"href":"https:\/\/revues.uqam.ca\/prefix\/wp-json\/wp\/v2\/users\/1"}],"replies":[{"embeddable":true,"href":"https:\/\/revues.uqam.ca\/prefix\/wp-json\/wp\/v2\/comments?post=6228"}],"version-history":[{"count":2,"href":"https:\/\/revues.uqam.ca\/prefix\/wp-json\/wp\/v2\/posts\/6228\/revisions"}],"predecessor-version":[{"id":6231,"href":"https:\/\/revues.uqam.ca\/prefix\/wp-json\/wp\/v2\/posts\/6228\/revisions\/6231"}],"wp:featuredmedia":[{"embeddable":true,"href":"https:\/\/revues.uqam.ca\/prefix\/wp-json\/wp\/v2\/media\/1926"}],"wp:attachment":[{"href":"https:\/\/revues.uqam.ca\/prefix\/wp-json\/wp\/v2\/media?parent=6228"}],"wp:term":[{"taxonomy":"category","embeddable":true,"href":"https:\/\/revues.uqam.ca\/prefix\/wp-json\/wp\/v2\/categories?post=6228"},{"taxonomy":"post_tag","embeddable":true,"href":"https:\/\/revues.uqam.ca\/prefix\/wp-json\/wp\/v2\/tags?post=6228"},{"taxonomy":"author","embeddable":true,"href":"https:\/\/revues.uqam.ca\/prefix\/wp-json\/wp\/v2\/ppma_author?post=6228"}],"curies":[{"name":"wp","href":"https:\/\/api.w.org\/{rel}","templated":true}]}}