{"id":4472,"date":"2019-04-29T09:17:00","date_gmt":"2019-04-29T13:17:00","guid":{"rendered":"https:\/\/revues.uqam.ca\/prefix\/?p=4472"},"modified":"2025-07-14T16:40:46","modified_gmt":"2025-07-14T20:40:46","slug":"temoignages-foire-feministes-feministes-dans-la-cite","status":"publish","type":"post","link":"https:\/\/revues.uqam.ca\/prefix\/ressources\/temoignages-foire-feministes-feministes-dans-la-cite\/","title":{"rendered":"La Foire f\u00e9ministe: les mots des f\u00e9ministes dans la cit\u00e9"},"content":{"rendered":"\n<h3 class=\"wp-block-heading\">Suite au questionnaire  \u00ab\u00a0l&rsquo;ABCF f\u00e9ministe\u00a0\u00bb disponible durant la Foire, nous avons compil\u00e9 les valeurs importantes retenues par les participant\u00b7e\u00b7s, ainsi que quelques concepts et visions du f\u00e9minisme.<\/h3>\n\n\n\n<figure class=\"wp-block-video\"><video height=\"720\" style=\"aspect-ratio: 1280 \/ 720;\" width=\"1280\" autoplay controls loop src=\"https:\/\/revues.uqam.ca\/prefix\/wp-content\/uploads\/sites\/4\/2025\/06\/les-valeurs-de-la-Foire2.mp4\" playsinline><\/video><\/figure>\n\n\n\n<p><\/p>\n\n\n\n<p><\/p>\n\n\n\n<p><\/p>\n\n\n\n<p><\/p>\n\n\n\n<p><\/p>\n\n\n\n<h3 class=\"wp-block-heading\">Des participantes nous ont dit avoir d\u00e9couverts de nouveaux concepts f\u00e9ministes. En voici quelques uns, accompagn\u00e9s des d\u00e9finitions propos\u00e9es par les participantes.<\/h3>\n\n\n\n<p><\/p>\n\n\n\n<div class=\"wp-block-advgb-images-slider advgb-images-slider-block advgb-images-slider-lightbox advg-images-slider-a7519b93-3c3c-4f65-aeaf-e2564770846f\"><div class=\"advgb-images-slider\" dir=\"ltr\"><div class=\"advgb-image-slider-item\"><img decoding=\"async\" src=\"https:\/\/revues.uqam.ca\/prefix\/wp-content\/uploads\/sites\/4\/2019\/04\/7.jpg\" class=\"advgb-image-slider-img\" alt=\"\" style=\"width:100%;height:auto\" \/><div class=\"advgb-image-slider-item-info\" style=\"justify-content:center;align-items:center\"><a class=\"advgb-image-slider-overlay\" target=\"_blank\" rel=\"noopener noreferrer\" href=\"#\"><\/a><\/div><\/div><div class=\"advgb-image-slider-item\"><img decoding=\"async\" src=\"https:\/\/revues.uqam.ca\/prefix\/wp-content\/uploads\/sites\/4\/2019\/04\/1.jpg\" class=\"advgb-image-slider-img\" alt=\"\" style=\"width:100%;height:auto\" \/><div class=\"advgb-image-slider-item-info\" style=\"justify-content:center;align-items:center\"><a class=\"advgb-image-slider-overlay\" target=\"_blank\" rel=\"noopener noreferrer\" href=\"#\"><\/a><\/div><\/div><div class=\"advgb-image-slider-item\"><img decoding=\"async\" src=\"https:\/\/revues.uqam.ca\/prefix\/wp-content\/uploads\/sites\/4\/2019\/04\/2.jpg\" class=\"advgb-image-slider-img\" alt=\"\" style=\"width:100%;height:auto\" \/><div class=\"advgb-image-slider-item-info\" style=\"justify-content:center;align-items:center\"><a class=\"advgb-image-slider-overlay\" target=\"_blank\" rel=\"noopener noreferrer\" href=\"#\"><\/a><\/div><\/div><div class=\"advgb-image-slider-item\"><img decoding=\"async\" src=\"https:\/\/revues.uqam.ca\/prefix\/wp-content\/uploads\/sites\/4\/2019\/04\/3.jpg\" class=\"advgb-image-slider-img\" alt=\"\" style=\"width:100%;height:auto\" \/><div class=\"advgb-image-slider-item-info\" style=\"justify-content:center;align-items:center\"><a class=\"advgb-image-slider-overlay\" target=\"_blank\" rel=\"noopener noreferrer\" href=\"#\"><\/a><\/div><\/div><div class=\"advgb-image-slider-item\"><img decoding=\"async\" src=\"https:\/\/revues.uqam.ca\/prefix\/wp-content\/uploads\/sites\/4\/2019\/04\/4.jpg\" class=\"advgb-image-slider-img\" alt=\"\" style=\"width:100%;height:auto\" \/><div class=\"advgb-image-slider-item-info\" style=\"justify-content:center;align-items:center\"><a class=\"advgb-image-slider-overlay\" target=\"_blank\" rel=\"noopener noreferrer\" href=\"#\"><\/a><\/div><\/div><div class=\"advgb-image-slider-item\"><img decoding=\"async\" src=\"https:\/\/revues.uqam.ca\/prefix\/wp-content\/uploads\/sites\/4\/2019\/04\/5.jpg\" class=\"advgb-image-slider-img\" alt=\"\" style=\"width:100%;height:auto\" \/><div class=\"advgb-image-slider-item-info\" style=\"justify-content:center;align-items:center\"><a class=\"advgb-image-slider-overlay\" target=\"_blank\" rel=\"noopener noreferrer\" href=\"#\"><\/a><\/div><\/div><div class=\"advgb-image-slider-item\"><img decoding=\"async\" src=\"https:\/\/revues.uqam.ca\/prefix\/wp-content\/uploads\/sites\/4\/2019\/04\/6.jpg\" class=\"advgb-image-slider-img\" alt=\"\" style=\"width:100%;height:auto\" \/><div class=\"advgb-image-slider-item-info\" style=\"justify-content:center;align-items:center\"><a class=\"advgb-image-slider-overlay\" target=\"_blank\" rel=\"noopener noreferrer\" href=\"#\"><\/a><\/div><\/div><\/div><\/div>\n\n\n\n<p><\/p>\n\n\n\n<h3 class=\"wp-block-heading\">Pour nos participant\u00b7e\u00b7s \u00e0 la Foire f\u00e9ministe, les perspectives f\u00e9ministes on un pouvoir de changement au sein de notre soci\u00e9t\u00e9, de nos institutions et de notre quotidien. Voici quelques perception de la force des f\u00e9minismes.<\/h3>\n\n\n\n<p><\/p>\n\n\n\n<div class=\"wp-block-advgb-images-slider advgb-images-slider-block advg-images-slider-8c17ff6b-0699-4db0-a5bb-4414ce06fcb0\"><div class=\"advgb-images-slider\" dir=\"ltr\"><div class=\"advgb-image-slider-item\"><img decoding=\"async\" src=\"https:\/\/revues.uqam.ca\/prefix\/wp-content\/uploads\/sites\/4\/2019\/04\/1-1.jpg\" class=\"advgb-image-slider-img\" alt=\"\" style=\"width:100%;height:auto\" \/><div class=\"advgb-image-slider-item-info\" style=\"justify-content:center;align-items:center\"><a class=\"advgb-image-slider-overlay\" rel=\"noopener noreferrer\" href=\"#\"><\/a><\/div><\/div><div class=\"advgb-image-slider-item\"><img decoding=\"async\" src=\"https:\/\/revues.uqam.ca\/prefix\/wp-content\/uploads\/sites\/4\/2019\/04\/2-1.jpg\" class=\"advgb-image-slider-img\" alt=\"\" style=\"width:100%;height:auto\" \/><div class=\"advgb-image-slider-item-info\" style=\"justify-content:center;align-items:center\"><a class=\"advgb-image-slider-overlay\" rel=\"noopener noreferrer\" href=\"#\"><\/a><\/div><\/div><div class=\"advgb-image-slider-item\"><img decoding=\"async\" src=\"https:\/\/revues.uqam.ca\/prefix\/wp-content\/uploads\/sites\/4\/2019\/04\/3-1.jpg\" class=\"advgb-image-slider-img\" alt=\"\" style=\"width:100%;height:auto\" \/><div class=\"advgb-image-slider-item-info\" style=\"justify-content:center;align-items:center\"><a class=\"advgb-image-slider-overlay\" rel=\"noopener noreferrer\" href=\"#\"><\/a><\/div><\/div><div class=\"advgb-image-slider-item\"><img decoding=\"async\" src=\"https:\/\/revues.uqam.ca\/prefix\/wp-content\/uploads\/sites\/4\/2019\/04\/4-1.jpg\" class=\"advgb-image-slider-img\" alt=\"\" style=\"width:100%;height:auto\" \/><div class=\"advgb-image-slider-item-info\" style=\"justify-content:center;align-items:center\"><a class=\"advgb-image-slider-overlay\" rel=\"noopener noreferrer\" href=\"#\"><\/a><\/div><\/div><div class=\"advgb-image-slider-item\"><img decoding=\"async\" src=\"https:\/\/revues.uqam.ca\/prefix\/wp-content\/uploads\/sites\/4\/2019\/04\/5-1.jpg\" class=\"advgb-image-slider-img\" alt=\"\" style=\"width:100%;height:auto\" \/><div class=\"advgb-image-slider-item-info\" style=\"justify-content:center;align-items:center\"><a class=\"advgb-image-slider-overlay\" rel=\"noopener noreferrer\" href=\"#\"><\/a><\/div><\/div><div class=\"advgb-image-slider-item\"><img decoding=\"async\" src=\"https:\/\/revues.uqam.ca\/prefix\/wp-content\/uploads\/sites\/4\/2019\/04\/6-1.jpg\" class=\"advgb-image-slider-img\" alt=\"\" style=\"width:100%;height:auto\" \/><div class=\"advgb-image-slider-item-info\" style=\"justify-content:center;align-items:center\"><a class=\"advgb-image-slider-overlay\" rel=\"noopener noreferrer\" href=\"#\"><\/a><\/div><\/div><div class=\"advgb-image-slider-item\"><img decoding=\"async\" src=\"https:\/\/revues.uqam.ca\/prefix\/wp-content\/uploads\/sites\/4\/2019\/04\/7-1.jpg\" class=\"advgb-image-slider-img\" alt=\"\" style=\"width:100%;height:auto\" \/><div class=\"advgb-image-slider-item-info\" style=\"justify-content:center;align-items:center\"><a class=\"advgb-image-slider-overlay\" rel=\"noopener noreferrer\" href=\"#\"><\/a><\/div><\/div><\/div><\/div>\n","protected":false},"excerpt":{"rendered":"<p>Suite au questionnaire \u00ab\u00a0l&rsquo;ABCF f\u00e9ministe\u00a0\u00bb disponible durant la Foire, nous avons compil\u00e9 les valeurs importantes retenues par les participant\u00b7e\u00b7s, ainsi que quelques concepts et visions du f\u00e9minisme. Des participantes nous ont dit avoir d\u00e9couverts de nouveaux concepts f\u00e9ministes. En voici quelques uns, accompagn\u00e9s des d\u00e9finitions propos\u00e9es par les participantes. Pour nos participant\u00b7e\u00b7s \u00e0 la Foire [&hellip;]<\/p>\n","protected":false},"author":1,"featured_media":0,"comment_status":"closed","ping_status":"closed","sticky":false,"template":"","format":"standard","meta":{"_acf_changed":false,"advgb_blocks_editor_width":"","advgb_blocks_columns_visual_guide":"","footnotes":""},"categories":[373],"tags":[],"ppma_author":[262,781,875,780,547],"class_list":["post-4472","post","type-post","status-publish","format-standard","hentry","category-ressources"],"acf":[],"yoast_head":"<!-- This site is optimized with the Yoast SEO plugin v22.1 - https:\/\/yoast.com\/wordpress\/plugins\/seo\/ -->\n<title>La Foire f\u00e9ministe: les mots des f\u00e9ministes dans la cit\u00e9 | PR\u00c9FIX<\/title>\n<meta name=\"robots\" content=\"index, follow, max-snippet:-1, max-image-preview:large, max-video-preview:-1\" \/>\n<link rel=\"canonical\" href=\"https:\/\/revues.uqam.ca\/prefix\/ressources\/temoignages-foire-feministes-feministes-dans-la-cite\/\" \/>\n<meta property=\"og:locale\" content=\"fr_CA\" \/>\n<meta property=\"og:type\" content=\"article\" \/>\n<meta property=\"og:title\" content=\"La Foire f\u00e9ministe: les mots des f\u00e9ministes dans la cit\u00e9 | PR\u00c9FIX\" \/>\n<meta property=\"og:description\" content=\"Suite au questionnaire \u00ab\u00a0l&rsquo;ABCF f\u00e9ministe\u00a0\u00bb disponible durant la Foire, nous avons compil\u00e9 les valeurs importantes retenues par les participant\u00b7e\u00b7s, ainsi que quelques concepts et visions du f\u00e9minisme. Des participantes nous ont dit avoir d\u00e9couverts de nouveaux concepts f\u00e9ministes. En voici quelques uns, accompagn\u00e9s des d\u00e9finitions propos\u00e9es par les participantes. Pour nos participant\u00b7e\u00b7s \u00e0 la Foire [&hellip;]\" \/>\n<meta property=\"og:url\" content=\"https:\/\/revues.uqam.ca\/prefix\/ressources\/temoignages-foire-feministes-feministes-dans-la-cite\/\" \/>\n<meta property=\"og:site_name\" content=\"PR\u00c9FIX\" \/>\n<meta property=\"article:published_time\" content=\"2019-04-29T13:17:00+00:00\" \/>\n<meta property=\"article:modified_time\" content=\"2025-07-14T20:40:46+00:00\" \/>\n<meta property=\"og:image\" content=\"https:\/\/revues.uqam.ca\/prefix\/wp-content\/uploads\/sites\/4\/2019\/04\/7.jpg\" \/>\n<meta name=\"author\" content=\"Piazzesi, Chiara, Santerre, Estelle, Anys, Rajae, Chevet, Juliette, Grondin, Vickie\" \/>\n<meta name=\"twitter:card\" content=\"summary_large_image\" \/>\n<meta name=\"twitter:label1\" content=\"\u00c9crit par\" \/>\n\t<meta name=\"twitter:data1\" content=\"Laporte, Jonathan\" \/>\n\t<meta name=\"twitter:label2\" content=\"Estimation du temps de lecture\" \/>\n\t<meta name=\"twitter:data2\" content=\"4 minutes\" \/>\n<script type=\"application\/ld+json\" class=\"yoast-schema-graph\">{\"@context\":\"https:\/\/schema.org\",\"@graph\":[{\"@type\":\"WebPage\",\"@id\":\"https:\/\/revues.uqam.ca\/prefix\/ressources\/temoignages-foire-feministes-feministes-dans-la-cite\/\",\"url\":\"https:\/\/revues.uqam.ca\/prefix\/ressources\/temoignages-foire-feministes-feministes-dans-la-cite\/\",\"name\":\"La Foire f\u00e9ministe: les mots des f\u00e9ministes dans la cit\u00e9 | PR\u00c9FIX\",\"isPartOf\":{\"@id\":\"https:\/\/revues.uqam.ca\/prefix\/#website\"},\"datePublished\":\"2019-04-29T13:17:00+00:00\",\"dateModified\":\"2025-07-14T20:40:46+00:00\",\"author\":{\"@id\":\"https:\/\/revues.uqam.ca\/prefix\/#\/schema\/person\/2f138bcb5848bbd3421eb9d222e87983\"},\"breadcrumb\":{\"@id\":\"https:\/\/revues.uqam.ca\/prefix\/ressources\/temoignages-foire-feministes-feministes-dans-la-cite\/#breadcrumb\"},\"inLanguage\":\"fr-CA\",\"potentialAction\":[{\"@type\":\"ReadAction\",\"target\":[\"https:\/\/revues.uqam.ca\/prefix\/ressources\/temoignages-foire-feministes-feministes-dans-la-cite\/\"]}]},{\"@type\":\"BreadcrumbList\",\"@id\":\"https:\/\/revues.uqam.ca\/prefix\/ressources\/temoignages-foire-feministes-feministes-dans-la-cite\/#breadcrumb\",\"itemListElement\":[{\"@type\":\"ListItem\",\"position\":1,\"name\":\"UQAM\",\"item\":\"https:\/\/uqam.ca\"},{\"@type\":\"ListItem\",\"position\":2,\"name\":\"PR\u00c9FIX\",\"item\":\"https:\/\/revues.uqam.ca\/prefix\"},{\"@type\":\"ListItem\",\"position\":3,\"name\":\"La Foire f\u00e9ministe: les mots des f\u00e9ministes dans la cit\u00e9\"}]},{\"@type\":\"WebSite\",\"@id\":\"https:\/\/revues.uqam.ca\/prefix\/#website\",\"url\":\"https:\/\/revues.uqam.ca\/prefix\/\",\"name\":\"PR\u00c9FIX\",\"description\":\"\",\"potentialAction\":[{\"@type\":\"SearchAction\",\"target\":{\"@type\":\"EntryPoint\",\"urlTemplate\":\"https:\/\/revues.uqam.ca\/prefix\/recherche\/?q={search_term_string}\"},\"query-input\":\"required name=search_term_string\"}],\"inLanguage\":\"fr-CA\"},{\"@type\":\"Person\",\"@id\":\"https:\/\/revues.uqam.ca\/prefix\/#\/schema\/person\/2f138bcb5848bbd3421eb9d222e87983\",\"name\":\"Laporte, Jonathan\",\"image\":{\"@type\":\"ImageObject\",\"inLanguage\":\"fr-CA\",\"@id\":\"https:\/\/revues.uqam.ca\/prefix\/#\/schema\/person\/image\/194bb2b0bbe9a7a9dbd334f4190811e1\",\"url\":\"https:\/\/secure.gravatar.com\/avatar\/064745b4f9b92b9af7de294b8db82c824b80019f5ffd151c99b31426eeff56de?s=96&d=mm&r=g\",\"contentUrl\":\"https:\/\/secure.gravatar.com\/avatar\/064745b4f9b92b9af7de294b8db82c824b80019f5ffd151c99b31426eeff56de?s=96&d=mm&r=g\",\"caption\":\"Laporte, Jonathan\"},\"sameAs\":[\"https:\/\/revues.uqam.ca\"],\"url\":\"https:\/\/revues.uqam.ca\/prefix\/author\/laporte_jon\/\"}]}<\/script>\n<!-- \/ Yoast SEO plugin. -->","yoast_head_json":{"title":"La Foire f\u00e9ministe: les mots des f\u00e9ministes dans la cit\u00e9 | PR\u00c9FIX","robots":{"index":"index","follow":"follow","max-snippet":"max-snippet:-1","max-image-preview":"max-image-preview:large","max-video-preview":"max-video-preview:-1"},"canonical":"https:\/\/revues.uqam.ca\/prefix\/ressources\/temoignages-foire-feministes-feministes-dans-la-cite\/","og_locale":"fr_CA","og_type":"article","og_title":"La Foire f\u00e9ministe: les mots des f\u00e9ministes dans la cit\u00e9 | PR\u00c9FIX","og_description":"Suite au questionnaire \u00ab\u00a0l&rsquo;ABCF f\u00e9ministe\u00a0\u00bb disponible durant la Foire, nous avons compil\u00e9 les valeurs importantes retenues par les participant\u00b7e\u00b7s, ainsi que quelques concepts et visions du f\u00e9minisme. Des participantes nous ont dit avoir d\u00e9couverts de nouveaux concepts f\u00e9ministes. En voici quelques uns, accompagn\u00e9s des d\u00e9finitions propos\u00e9es par les participantes. Pour nos participant\u00b7e\u00b7s \u00e0 la Foire [&hellip;]","og_url":"https:\/\/revues.uqam.ca\/prefix\/ressources\/temoignages-foire-feministes-feministes-dans-la-cite\/","og_site_name":"PR\u00c9FIX","article_published_time":"2019-04-29T13:17:00+00:00","article_modified_time":"2025-07-14T20:40:46+00:00","og_image":[{"url":"https:\/\/revues.uqam.ca\/prefix\/wp-content\/uploads\/sites\/4\/2019\/04\/7.jpg"}],"author":"Piazzesi, Chiara, Santerre, Estelle, Anys, Rajae, Chevet, Juliette, Grondin, Vickie","twitter_card":"summary_large_image","twitter_misc":{"\u00c9crit par":"Laporte, Jonathan","Estimation du temps de lecture":"4 minutes"},"schema":{"@context":"https:\/\/schema.org","@graph":[{"@type":"WebPage","@id":"https:\/\/revues.uqam.ca\/prefix\/ressources\/temoignages-foire-feministes-feministes-dans-la-cite\/","url":"https:\/\/revues.uqam.ca\/prefix\/ressources\/temoignages-foire-feministes-feministes-dans-la-cite\/","name":"La Foire f\u00e9ministe: les mots des f\u00e9ministes dans la cit\u00e9 | PR\u00c9FIX","isPartOf":{"@id":"https:\/\/revues.uqam.ca\/prefix\/#website"},"datePublished":"2019-04-29T13:17:00+00:00","dateModified":"2025-07-14T20:40:46+00:00","author":{"@id":"https:\/\/revues.uqam.ca\/prefix\/#\/schema\/person\/2f138bcb5848bbd3421eb9d222e87983"},"breadcrumb":{"@id":"https:\/\/revues.uqam.ca\/prefix\/ressources\/temoignages-foire-feministes-feministes-dans-la-cite\/#breadcrumb"},"inLanguage":"fr-CA","potentialAction":[{"@type":"ReadAction","target":["https:\/\/revues.uqam.ca\/prefix\/ressources\/temoignages-foire-feministes-feministes-dans-la-cite\/"]}]},{"@type":"BreadcrumbList","@id":"https:\/\/revues.uqam.ca\/prefix\/ressources\/temoignages-foire-feministes-feministes-dans-la-cite\/#breadcrumb","itemListElement":[{"@type":"ListItem","position":1,"name":"UQAM","item":"https:\/\/uqam.ca"},{"@type":"ListItem","position":2,"name":"PR\u00c9FIX","item":"https:\/\/revues.uqam.ca\/prefix"},{"@type":"ListItem","position":3,"name":"La Foire f\u00e9ministe: les mots des f\u00e9ministes dans la cit\u00e9"}]},{"@type":"WebSite","@id":"https:\/\/revues.uqam.ca\/prefix\/#website","url":"https:\/\/revues.uqam.ca\/prefix\/","name":"PR\u00c9FIX","description":"","potentialAction":[{"@type":"SearchAction","target":{"@type":"EntryPoint","urlTemplate":"https:\/\/revues.uqam.ca\/prefix\/recherche\/?q={search_term_string}"},"query-input":"required name=search_term_string"}],"inLanguage":"fr-CA"},{"@type":"Person","@id":"https:\/\/revues.uqam.ca\/prefix\/#\/schema\/person\/2f138bcb5848bbd3421eb9d222e87983","name":"Laporte, Jonathan","image":{"@type":"ImageObject","inLanguage":"fr-CA","@id":"https:\/\/revues.uqam.ca\/prefix\/#\/schema\/person\/image\/194bb2b0bbe9a7a9dbd334f4190811e1","url":"https:\/\/secure.gravatar.com\/avatar\/064745b4f9b92b9af7de294b8db82c824b80019f5ffd151c99b31426eeff56de?s=96&d=mm&r=g","contentUrl":"https:\/\/secure.gravatar.com\/avatar\/064745b4f9b92b9af7de294b8db82c824b80019f5ffd151c99b31426eeff56de?s=96&d=mm&r=g","caption":"Laporte, Jonathan"},"sameAs":["https:\/\/revues.uqam.ca"],"url":"https:\/\/revues.uqam.ca\/prefix\/author\/laporte_jon\/"}]}},"author_meta":{"display_name":"Laporte, Jonathan","author_link":"https:\/\/revues.uqam.ca\/prefix\/author\/laporte_jon\/"},"featured_img":null,"coauthors":[{"link":"https:\/\/revues.uqam.ca\/prefix\/author\/piazzesi-chiara\/","display_name":"Piazzesi, Chiara"},{"link":"https:\/\/revues.uqam.ca\/prefix\/author\/santerre-estelle\/","display_name":"Santerre, Estelle"},{"link":"https:\/\/revues.uqam.ca\/prefix\/author\/anys-rajae\/","display_name":"Anys, Rajae"},{"link":"https:\/\/revues.uqam.ca\/prefix\/author\/chevet-juliette\/","display_name":"Chevet, Juliette"},{"link":"https:\/\/revues.uqam.ca\/prefix\/author\/grondin-vickie\/","display_name":"Grondin, Vickie"}],"tax_additional":{"categories":{"linked":["<a href=\"https:\/\/revues.uqam.ca\/prefix\/category\/ressources\/\" class=\"advgb-post-tax-term\">Ressources<\/a>"],"unlinked":["<span class=\"advgb-post-tax-term\">Ressources<\/span>"]}},"comment_count":"0","relative_dates":{"created":"Posted 7 ann\u00e9es ago","modified":"Updated 10 mois ago"},"absolute_dates":{"created":"Posted on 29 avril 2019","modified":"Updated on 14 juillet 2025"},"absolute_dates_time":{"created":"Posted on 29 avril 2019 9 h 17 min","modified":"Updated on 14 juillet 2025 16 h 40 min"},"featured_img_caption":"","series_order":"","authors":[{"term_id":262,"user_id":0,"is_guest":1,"slug":"piazzesi-chiara","display_name":"Piazzesi, Chiara","avatar_url":{"url":"https:\/\/revues.uqam.ca\/prefix\/wp-content\/uploads\/sites\/4\/2023\/10\/Piazzesi.jpg","url2x":"https:\/\/revues.uqam.ca\/prefix\/wp-content\/uploads\/sites\/4\/2023\/10\/Piazzesi.jpg"},"1":"","2":"","3":"","4":"","5":"","6":"","7":"","8":""},{"term_id":781,"user_id":0,"is_guest":1,"slug":"santerre-estelle","display_name":"Santerre, Estelle","avatar_url":{"url":"https:\/\/revues.uqam.ca\/prefix\/wp-content\/uploads\/sites\/4\/2025\/03\/asterisque-2048x2048-59.png","url2x":"https:\/\/revues.uqam.ca\/prefix\/wp-content\/uploads\/sites\/4\/2025\/03\/asterisque-2048x2048-59.png"},"1":"","2":"","3":"","4":"","5":"","6":"","7":"","8":""},{"term_id":875,"user_id":0,"is_guest":1,"slug":"anys-rajae","display_name":"Anys, Rajae","avatar_url":"https:\/\/secure.gravatar.com\/avatar\/?s=96&d=mm&r=g","1":"","2":"","3":"","4":"","5":"","6":"","7":"","8":""},{"term_id":780,"user_id":0,"is_guest":1,"slug":"chevet-juliette","display_name":"Chevet, Juliette","avatar_url":{"url":"https:\/\/revues.uqam.ca\/prefix\/wp-content\/uploads\/sites\/4\/2025\/05\/Chevet_Juliette_portrait-scaled.jpg","url2x":"https:\/\/revues.uqam.ca\/prefix\/wp-content\/uploads\/sites\/4\/2025\/05\/Chevet_Juliette_portrait-scaled.jpg"},"1":"","2":"","3":"","4":"","5":"","6":"","7":"","8":""},{"term_id":547,"user_id":0,"is_guest":1,"slug":"grondin-vickie","display_name":"Grondin, Vickie","avatar_url":{"url":"https:\/\/revues.uqam.ca\/prefix\/wp-content\/uploads\/sites\/4\/2025\/04\/VickieGrondinparKatya-Konioukhova-rotated.jpg","url2x":"https:\/\/revues.uqam.ca\/prefix\/wp-content\/uploads\/sites\/4\/2025\/04\/VickieGrondinparKatya-Konioukhova-rotated.jpg"},"1":"","2":"","3":"","4":"","5":"","6":"","7":"","8":""}],"_links":{"self":[{"href":"https:\/\/revues.uqam.ca\/prefix\/wp-json\/wp\/v2\/posts\/4472","targetHints":{"allow":["GET"]}}],"collection":[{"href":"https:\/\/revues.uqam.ca\/prefix\/wp-json\/wp\/v2\/posts"}],"about":[{"href":"https:\/\/revues.uqam.ca\/prefix\/wp-json\/wp\/v2\/types\/post"}],"author":[{"embeddable":true,"href":"https:\/\/revues.uqam.ca\/prefix\/wp-json\/wp\/v2\/users\/1"}],"replies":[{"embeddable":true,"href":"https:\/\/revues.uqam.ca\/prefix\/wp-json\/wp\/v2\/comments?post=4472"}],"version-history":[{"count":37,"href":"https:\/\/revues.uqam.ca\/prefix\/wp-json\/wp\/v2\/posts\/4472\/revisions"}],"predecessor-version":[{"id":5089,"href":"https:\/\/revues.uqam.ca\/prefix\/wp-json\/wp\/v2\/posts\/4472\/revisions\/5089"}],"wp:attachment":[{"href":"https:\/\/revues.uqam.ca\/prefix\/wp-json\/wp\/v2\/media?parent=4472"}],"wp:term":[{"taxonomy":"category","embeddable":true,"href":"https:\/\/revues.uqam.ca\/prefix\/wp-json\/wp\/v2\/categories?post=4472"},{"taxonomy":"post_tag","embeddable":true,"href":"https:\/\/revues.uqam.ca\/prefix\/wp-json\/wp\/v2\/tags?post=4472"},{"taxonomy":"author","embeddable":true,"href":"https:\/\/revues.uqam.ca\/prefix\/wp-json\/wp\/v2\/ppma_author?post=4472"}],"curies":[{"name":"wp","href":"https:\/\/api.w.org\/{rel}","templated":true}]}}