{"id":4396,"date":"2025-03-13T13:27:23","date_gmt":"2025-03-13T17:27:23","guid":{"rendered":"https:\/\/revues.uqam.ca\/prefix\/?p=4396"},"modified":"2025-04-08T13:35:37","modified_gmt":"2025-04-08T17:35:37","slug":"conjuguer-la-recherche-et-laction-dans-nos-societes-en-transition","status":"publish","type":"post","link":"https:\/\/revues.uqam.ca\/prefix\/videos\/conjuguer-la-recherche-et-laction-dans-nos-societes-en-transition\/","title":{"rendered":"Conjuguer la recherche et l\u2019action dans nos soci\u00e9t\u00e9s en transition"},"content":{"rendered":"\n<div class=\"wp-block-advgb-button alignnone\"><a class=\"wp-block-advgb-button_link advgbbtn-50da131c-fb15-4a9f-9307-153d3b0f8097\" href=\"https:\/\/tv.uqam.ca\/video\/conjuguer-la-recherche-et-laction-dans-nos-societes-en-transition\/\" target=\"_blank\" rel=\"noopener noreferrer\"><span>Lien vers la vid\u00e9o<\/span><\/a><\/div>\n\n\n\n<p>Dans ce monde multipolaire, certains enjeux soci\u00e9taux influencent la participation citoyenne, mais la participation citoyenne peut \u00e9galement influer \u00e0 son tour sur nos soci\u00e9t\u00e9s en mutation. L\u2019engagement, qu\u2019il prenne la forme de mouvements sociaux, d\u2019initiatives locales ou d\u2019interactions num\u00e9riques, agit comme un puissant levier afin de red\u00e9finir les structures et les dynamiques soci\u00e9tales. Face aux crises qui se multiplient, qu\u2019elles soient environnementales, politiques, sociales, sanitaires, identitaires ou culturelles, la recherche qui inclut et valorise une participation citoyenne peut \u00eatre une cl\u00e9 de succ\u00e8s pour mieux relever les d\u00e9fis contemporains et pour d\u00e9velopper des actions inclusives, d\u00e9coloniales, innovantes et durables. Plus largement, une approche collaborative\/participative en recherche pourrait agir comme rempart \u00e0 une d\u00e9mocratie de plus en plus fragilis\u00e9e par les effets combin\u00e9s de la d\u00e9sinformation, de la polarisation des croyances, de la tyrannie des avanc\u00e9es technologiques et de la m\u00e9fiance des institutions.<\/p>\n\n\n\n<p>Les six instituts de l\u2019UQAM jouent un r\u00f4le de courroie de transmission entre les milieux de recherche et les milieux d\u2019action. Leur structure trans-facultaire et interd\u00e9partementale stimule les \u00e9changes entre les disciplines et avec diff\u00e9rents secteurs de la soci\u00e9t\u00e9 civile. Anim\u00e9e par Aur\u00e9lie Lanct\u00f4t, cette demi-journ\u00e9e de conversation inter-instituts sera l\u2019occasion d\u2019\u00e9changer de ces th\u00e9matiques en deux temps :<\/p>\n\n\n\n<h3 class=\"wp-block-heading\"><br>Panel 1 : Approches d\u00e9coloniales et (in)justice \u00e9pist\u00e9mique, quelles avanc\u00e9es?<\/h3>\n\n\n\n<p><strong>Bruno Dubuc<\/strong>, membre associ\u00e9, vulgarisateur scientifique et auteur du livre Le cerveau \u00e0 tous les niveaux (Institut des sciences cognitives) et Pierre Poirier, professeur au D\u00e9partement de philosophie de l\u2019UQAM et directeur de l\u2019Institut des sciences cognitives, <em>L\u2019\u00e9nactivisme comme levier de transformation sociale : repenser la relation entre connaissance et action<\/em><\/p>\n\n\n\n<p><strong>Marie-Claude Savard<\/strong>, professeure, D\u00e9partement de management, ESG UQAM, directrice scientifique de l\u2019Observatoire canadien sur les crises et l\u2019action humanitaires (Institut d\u2019\u00e9tudes internationales de Montr\u00e9al), <em>S\u2019ouvrir \u00e0 l\u2019hybridit\u00e9 \u00e9pist\u00e9mique en recherche<\/em><\/p>\n\n\n\n<p><strong>Anne-Marie Broudehoux<\/strong>, professeure, \u00c9cole de design, UQAM, <em>Approches d\u00e9coloniales dans les lieux de m\u00e9moire<\/em><\/p>\n\n\n\n<h3 class=\"wp-block-heading\">Panel 2 : Quels leviers en recherche pour des actions transformatrices?<\/h3>\n\n\n\n<p><strong>Marianne Th\u00e9berge-Guyon<\/strong>, agente de d\u00e9veloppement au Service aux collectivit\u00e9s de l\u2019UQAM et charg\u00e9e de cours au D\u00e9partement de communication sociale et publique, membre de l&rsquo;Institut de recherches et d\u2019\u00e9tudes f\u00e9ministes, UQAM, <em>La recherche partenariale f\u00e9ministe : \u00e0 la d\u00e9couverte de dispositifs porteurs de justice sociale, d\u2019hier \u00e0 aujourd\u2019hui<\/em><\/p>\n\n\n\n<p><strong>Thomas Delawarde-Sa\u00efas,<\/strong> professeur, D\u00e9partement de psychologie, UQAM (Institut Sant\u00e9 et soci\u00e9t\u00e9).  <em>La cr\u00e9ation de connaissances en psychologie visant \u00e0 transformer les m\u00e9canismes qui g\u00e9n\u00e8rent des violences envers les groupes minoris\u00e9s.<\/em><\/p>\n\n\n\n<p><strong>Marie Saint-Arnaud,<\/strong> professeure associ\u00e9e, Institut des sciences de l\u2019environnement, <em>Recherche partenariale (Atlas Le Temps qui change) et intersection des savoirs autochtones et scientifiques pour outiller la Communaut\u00e9 Innue de Pessamit \u00e0 appr\u00e9hender et \u00e0 agir face aux bouleversements climatiques de leur territoire, le Nitassinan.<\/em><\/p>\n<style class=\"advgb-styles-renderer\">.advgbbtn-50da131c-fb15-4a9f-9307-153d3b0f8097{font-size:23px;color:#fff !important;background-color:#2196f3 !important;margin:0px 0px 0px 0px !important;padding:10px 30px 10px 30px;border-width:1px !important;border-style:none;border-radius:50px !important;}.advgbbtn-50da131c-fb15-4a9f-9307-153d3b0f8097:hover{box-shadow:1px 1px 12px 0px #ccc;opacity:1;transition:all 0.2s ease;}.advgbbtn-50da131c-fb15-4a9f-9307-153d3b0f8097 > i {display: none !important;}<\/style>","protected":false},"excerpt":{"rendered":"<p>Dans ce monde multipolaire, certains enjeux soci\u00e9taux influencent la participation citoyenne, mais la participation citoyenne peut \u00e9galement influer \u00e0 son tour sur nos soci\u00e9t\u00e9s en mutation. L\u2019engagement, qu\u2019il prenne la forme de mouvements sociaux, d\u2019initiatives locales ou d\u2019interactions num\u00e9riques, agit comme un puissant levier afin de red\u00e9finir les structures et les dynamiques soci\u00e9tales. Face aux [&hellip;]<\/p>\n","protected":false},"author":1,"featured_media":1926,"comment_status":"closed","ping_status":"closed","sticky":false,"template":"","format":"standard","meta":{"_acf_changed":false,"advgb_blocks_editor_width":"","advgb_blocks_columns_visual_guide":"","footnotes":""},"categories":[453],"tags":[93,227,236,234],"ppma_author":[744],"class_list":["post-4396","post","type-post","status-publish","format-standard","has-post-thumbnail","hentry","category-videos","tag-feminismes","tag-recherches-partenariales","tag-science-politique","tag-sociologie"],"acf":[],"yoast_head":"<!-- This site is optimized with the Yoast SEO plugin v22.1 - https:\/\/yoast.com\/wordpress\/plugins\/seo\/ -->\n<title>Conjuguer la recherche et l\u2019action dans nos soci\u00e9t\u00e9s en transition | PR\u00c9FIX<\/title>\n<meta name=\"robots\" content=\"index, follow, max-snippet:-1, max-image-preview:large, max-video-preview:-1\" \/>\n<link rel=\"canonical\" href=\"https:\/\/revues.uqam.ca\/prefix\/videos\/conjuguer-la-recherche-et-laction-dans-nos-societes-en-transition\/\" \/>\n<meta property=\"og:locale\" content=\"fr_CA\" \/>\n<meta property=\"og:type\" content=\"article\" \/>\n<meta property=\"og:title\" content=\"Conjuguer la recherche et l\u2019action dans nos soci\u00e9t\u00e9s en transition | PR\u00c9FIX\" \/>\n<meta property=\"og:description\" content=\"Dans ce monde multipolaire, certains enjeux soci\u00e9taux influencent la participation citoyenne, mais la participation citoyenne peut \u00e9galement influer \u00e0 son tour sur nos soci\u00e9t\u00e9s en mutation. L\u2019engagement, qu\u2019il prenne la forme de mouvements sociaux, d\u2019initiatives locales ou d\u2019interactions num\u00e9riques, agit comme un puissant levier afin de red\u00e9finir les structures et les dynamiques soci\u00e9tales. Face aux [&hellip;]\" \/>\n<meta property=\"og:url\" content=\"https:\/\/revues.uqam.ca\/prefix\/videos\/conjuguer-la-recherche-et-laction-dans-nos-societes-en-transition\/\" \/>\n<meta property=\"og:site_name\" content=\"PR\u00c9FIX\" \/>\n<meta property=\"article:published_time\" content=\"2025-03-13T17:27:23+00:00\" \/>\n<meta property=\"article:modified_time\" content=\"2025-04-08T17:35:37+00:00\" \/>\n<meta property=\"og:image\" content=\"https:\/\/revues.uqam.ca\/prefix\/wp-content\/uploads\/sites\/4\/2023\/10\/UQAM_feminisphere_vignette_1080x1080.png\" \/>\n\t<meta property=\"og:image:width\" content=\"1081\" \/>\n\t<meta property=\"og:image:height\" content=\"1081\" \/>\n\t<meta property=\"og:image:type\" content=\"image\/png\" \/>\n<meta name=\"author\" content=\"Th\u00e9berge-Guyon, Marianne\" \/>\n<meta name=\"twitter:card\" content=\"summary_large_image\" \/>\n<meta name=\"twitter:label1\" content=\"\u00c9crit par\" \/>\n\t<meta name=\"twitter:data1\" content=\"Laporte, Jonathan\" \/>\n\t<meta name=\"twitter:label2\" content=\"Estimation du temps de lecture\" \/>\n\t<meta name=\"twitter:data2\" content=\"3 minutes\" \/>\n<script type=\"application\/ld+json\" class=\"yoast-schema-graph\">{\"@context\":\"https:\/\/schema.org\",\"@graph\":[{\"@type\":\"WebPage\",\"@id\":\"https:\/\/revues.uqam.ca\/prefix\/videos\/conjuguer-la-recherche-et-laction-dans-nos-societes-en-transition\/\",\"url\":\"https:\/\/revues.uqam.ca\/prefix\/videos\/conjuguer-la-recherche-et-laction-dans-nos-societes-en-transition\/\",\"name\":\"Conjuguer la recherche et l\u2019action dans nos soci\u00e9t\u00e9s en transition | PR\u00c9FIX\",\"isPartOf\":{\"@id\":\"https:\/\/revues.uqam.ca\/prefix\/#website\"},\"datePublished\":\"2025-03-13T17:27:23+00:00\",\"dateModified\":\"2025-04-08T17:35:37+00:00\",\"author\":{\"@id\":\"https:\/\/revues.uqam.ca\/prefix\/#\/schema\/person\/2f138bcb5848bbd3421eb9d222e87983\"},\"breadcrumb\":{\"@id\":\"https:\/\/revues.uqam.ca\/prefix\/videos\/conjuguer-la-recherche-et-laction-dans-nos-societes-en-transition\/#breadcrumb\"},\"inLanguage\":\"fr-CA\",\"potentialAction\":[{\"@type\":\"ReadAction\",\"target\":[\"https:\/\/revues.uqam.ca\/prefix\/videos\/conjuguer-la-recherche-et-laction-dans-nos-societes-en-transition\/\"]}]},{\"@type\":\"BreadcrumbList\",\"@id\":\"https:\/\/revues.uqam.ca\/prefix\/videos\/conjuguer-la-recherche-et-laction-dans-nos-societes-en-transition\/#breadcrumb\",\"itemListElement\":[{\"@type\":\"ListItem\",\"position\":1,\"name\":\"UQAM\",\"item\":\"https:\/\/uqam.ca\"},{\"@type\":\"ListItem\",\"position\":2,\"name\":\"PR\u00c9FIX\",\"item\":\"https:\/\/revues.uqam.ca\/prefix\"},{\"@type\":\"ListItem\",\"position\":3,\"name\":\"Conjuguer la recherche et l\u2019action dans nos soci\u00e9t\u00e9s en transition\"}]},{\"@type\":\"WebSite\",\"@id\":\"https:\/\/revues.uqam.ca\/prefix\/#website\",\"url\":\"https:\/\/revues.uqam.ca\/prefix\/\",\"name\":\"PR\u00c9FIX\",\"description\":\"\",\"potentialAction\":[{\"@type\":\"SearchAction\",\"target\":{\"@type\":\"EntryPoint\",\"urlTemplate\":\"https:\/\/revues.uqam.ca\/prefix\/recherche\/?q={search_term_string}\"},\"query-input\":\"required name=search_term_string\"}],\"inLanguage\":\"fr-CA\"},{\"@type\":\"Person\",\"@id\":\"https:\/\/revues.uqam.ca\/prefix\/#\/schema\/person\/2f138bcb5848bbd3421eb9d222e87983\",\"name\":\"Laporte, Jonathan\",\"image\":{\"@type\":\"ImageObject\",\"inLanguage\":\"fr-CA\",\"@id\":\"https:\/\/revues.uqam.ca\/prefix\/#\/schema\/person\/image\/194bb2b0bbe9a7a9dbd334f4190811e1\",\"url\":\"https:\/\/secure.gravatar.com\/avatar\/064745b4f9b92b9af7de294b8db82c824b80019f5ffd151c99b31426eeff56de?s=96&d=mm&r=g\",\"contentUrl\":\"https:\/\/secure.gravatar.com\/avatar\/064745b4f9b92b9af7de294b8db82c824b80019f5ffd151c99b31426eeff56de?s=96&d=mm&r=g\",\"caption\":\"Laporte, Jonathan\"},\"sameAs\":[\"https:\/\/revues.uqam.ca\"],\"url\":\"https:\/\/revues.uqam.ca\/prefix\/author\/laporte_jon\/\"}]}<\/script>\n<!-- \/ Yoast SEO plugin. -->","yoast_head_json":{"title":"Conjuguer la recherche et l\u2019action dans nos soci\u00e9t\u00e9s en transition | PR\u00c9FIX","robots":{"index":"index","follow":"follow","max-snippet":"max-snippet:-1","max-image-preview":"max-image-preview:large","max-video-preview":"max-video-preview:-1"},"canonical":"https:\/\/revues.uqam.ca\/prefix\/videos\/conjuguer-la-recherche-et-laction-dans-nos-societes-en-transition\/","og_locale":"fr_CA","og_type":"article","og_title":"Conjuguer la recherche et l\u2019action dans nos soci\u00e9t\u00e9s en transition | PR\u00c9FIX","og_description":"Dans ce monde multipolaire, certains enjeux soci\u00e9taux influencent la participation citoyenne, mais la participation citoyenne peut \u00e9galement influer \u00e0 son tour sur nos soci\u00e9t\u00e9s en mutation. L\u2019engagement, qu\u2019il prenne la forme de mouvements sociaux, d\u2019initiatives locales ou d\u2019interactions num\u00e9riques, agit comme un puissant levier afin de red\u00e9finir les structures et les dynamiques soci\u00e9tales. Face aux [&hellip;]","og_url":"https:\/\/revues.uqam.ca\/prefix\/videos\/conjuguer-la-recherche-et-laction-dans-nos-societes-en-transition\/","og_site_name":"PR\u00c9FIX","article_published_time":"2025-03-13T17:27:23+00:00","article_modified_time":"2025-04-08T17:35:37+00:00","og_image":[{"width":1081,"height":1081,"url":"https:\/\/revues.uqam.ca\/prefix\/wp-content\/uploads\/sites\/4\/2023\/10\/UQAM_feminisphere_vignette_1080x1080.png","type":"image\/png"}],"author":"Th\u00e9berge-Guyon, Marianne","twitter_card":"summary_large_image","twitter_misc":{"\u00c9crit par":"Laporte, Jonathan","Estimation du temps de lecture":"3 minutes"},"schema":{"@context":"https:\/\/schema.org","@graph":[{"@type":"WebPage","@id":"https:\/\/revues.uqam.ca\/prefix\/videos\/conjuguer-la-recherche-et-laction-dans-nos-societes-en-transition\/","url":"https:\/\/revues.uqam.ca\/prefix\/videos\/conjuguer-la-recherche-et-laction-dans-nos-societes-en-transition\/","name":"Conjuguer la recherche et l\u2019action dans nos soci\u00e9t\u00e9s en transition | PR\u00c9FIX","isPartOf":{"@id":"https:\/\/revues.uqam.ca\/prefix\/#website"},"datePublished":"2025-03-13T17:27:23+00:00","dateModified":"2025-04-08T17:35:37+00:00","author":{"@id":"https:\/\/revues.uqam.ca\/prefix\/#\/schema\/person\/2f138bcb5848bbd3421eb9d222e87983"},"breadcrumb":{"@id":"https:\/\/revues.uqam.ca\/prefix\/videos\/conjuguer-la-recherche-et-laction-dans-nos-societes-en-transition\/#breadcrumb"},"inLanguage":"fr-CA","potentialAction":[{"@type":"ReadAction","target":["https:\/\/revues.uqam.ca\/prefix\/videos\/conjuguer-la-recherche-et-laction-dans-nos-societes-en-transition\/"]}]},{"@type":"BreadcrumbList","@id":"https:\/\/revues.uqam.ca\/prefix\/videos\/conjuguer-la-recherche-et-laction-dans-nos-societes-en-transition\/#breadcrumb","itemListElement":[{"@type":"ListItem","position":1,"name":"UQAM","item":"https:\/\/uqam.ca"},{"@type":"ListItem","position":2,"name":"PR\u00c9FIX","item":"https:\/\/revues.uqam.ca\/prefix"},{"@type":"ListItem","position":3,"name":"Conjuguer la recherche et l\u2019action dans nos soci\u00e9t\u00e9s en transition"}]},{"@type":"WebSite","@id":"https:\/\/revues.uqam.ca\/prefix\/#website","url":"https:\/\/revues.uqam.ca\/prefix\/","name":"PR\u00c9FIX","description":"","potentialAction":[{"@type":"SearchAction","target":{"@type":"EntryPoint","urlTemplate":"https:\/\/revues.uqam.ca\/prefix\/recherche\/?q={search_term_string}"},"query-input":"required name=search_term_string"}],"inLanguage":"fr-CA"},{"@type":"Person","@id":"https:\/\/revues.uqam.ca\/prefix\/#\/schema\/person\/2f138bcb5848bbd3421eb9d222e87983","name":"Laporte, Jonathan","image":{"@type":"ImageObject","inLanguage":"fr-CA","@id":"https:\/\/revues.uqam.ca\/prefix\/#\/schema\/person\/image\/194bb2b0bbe9a7a9dbd334f4190811e1","url":"https:\/\/secure.gravatar.com\/avatar\/064745b4f9b92b9af7de294b8db82c824b80019f5ffd151c99b31426eeff56de?s=96&d=mm&r=g","contentUrl":"https:\/\/secure.gravatar.com\/avatar\/064745b4f9b92b9af7de294b8db82c824b80019f5ffd151c99b31426eeff56de?s=96&d=mm&r=g","caption":"Laporte, Jonathan"},"sameAs":["https:\/\/revues.uqam.ca"],"url":"https:\/\/revues.uqam.ca\/prefix\/author\/laporte_jon\/"}]}},"author_meta":{"display_name":"Laporte, Jonathan","author_link":"https:\/\/revues.uqam.ca\/prefix\/author\/laporte_jon\/"},"featured_img":"https:\/\/revues.uqam.ca\/prefix\/wp-content\/uploads\/sites\/4\/2023\/10\/UQAM_feminisphere_vignette_1080x1080-300x300.png","coauthors":[{"link":"https:\/\/revues.uqam.ca\/prefix\/author\/theberge-guyon-marianne\/","display_name":"Th\u00e9berge-Guyon, Marianne"}],"tax_additional":{"categories":{"linked":["<a href=\"https:\/\/revues.uqam.ca\/prefix\/category\/videos\/\" class=\"advgb-post-tax-term\">Vid\u00e9os<\/a>"],"unlinked":["<span class=\"advgb-post-tax-term\">Vid\u00e9os<\/span>"]},"tags":{"linked":["<a href=\"https:\/\/revues.uqam.ca\/prefix\/category\/videos\/\" class=\"advgb-post-tax-term\">f\u00e9minismes<\/a>","<a href=\"https:\/\/revues.uqam.ca\/prefix\/category\/videos\/\" class=\"advgb-post-tax-term\">recherches partenariales<\/a>","<a href=\"https:\/\/revues.uqam.ca\/prefix\/category\/videos\/\" class=\"advgb-post-tax-term\">science politique<\/a>","<a href=\"https:\/\/revues.uqam.ca\/prefix\/category\/videos\/\" class=\"advgb-post-tax-term\">sociologie<\/a>"],"unlinked":["<span class=\"advgb-post-tax-term\">f\u00e9minismes<\/span>","<span class=\"advgb-post-tax-term\">recherches partenariales<\/span>","<span class=\"advgb-post-tax-term\">science politique<\/span>","<span class=\"advgb-post-tax-term\">sociologie<\/span>"]}},"comment_count":"0","relative_dates":{"created":"Posted 1 ann\u00e9e ago","modified":"Updated 1 ann\u00e9e ago"},"absolute_dates":{"created":"Posted on 13 mars 2025","modified":"Updated on 8 avril 2025"},"absolute_dates_time":{"created":"Posted on 13 mars 2025 13 h 27 min","modified":"Updated on 8 avril 2025 13 h 35 min"},"featured_img_caption":"","series_order":"","authors":[{"term_id":744,"user_id":0,"is_guest":1,"slug":"theberge-guyon-marianne","display_name":"Th\u00e9berge-Guyon, Marianne","avatar_url":{"url":"https:\/\/revues.uqam.ca\/prefix\/wp-content\/uploads\/sites\/4\/2025\/04\/IMG_2227-rotated.jpg","url2x":"https:\/\/revues.uqam.ca\/prefix\/wp-content\/uploads\/sites\/4\/2025\/04\/IMG_2227-rotated.jpg"},"1":"","2":"","3":"","4":"","5":"","6":"","7":"","8":""}],"_links":{"self":[{"href":"https:\/\/revues.uqam.ca\/prefix\/wp-json\/wp\/v2\/posts\/4396","targetHints":{"allow":["GET"]}}],"collection":[{"href":"https:\/\/revues.uqam.ca\/prefix\/wp-json\/wp\/v2\/posts"}],"about":[{"href":"https:\/\/revues.uqam.ca\/prefix\/wp-json\/wp\/v2\/types\/post"}],"author":[{"embeddable":true,"href":"https:\/\/revues.uqam.ca\/prefix\/wp-json\/wp\/v2\/users\/1"}],"replies":[{"embeddable":true,"href":"https:\/\/revues.uqam.ca\/prefix\/wp-json\/wp\/v2\/comments?post=4396"}],"version-history":[{"count":2,"href":"https:\/\/revues.uqam.ca\/prefix\/wp-json\/wp\/v2\/posts\/4396\/revisions"}],"predecessor-version":[{"id":4404,"href":"https:\/\/revues.uqam.ca\/prefix\/wp-json\/wp\/v2\/posts\/4396\/revisions\/4404"}],"wp:featuredmedia":[{"embeddable":true,"href":"https:\/\/revues.uqam.ca\/prefix\/wp-json\/wp\/v2\/media\/1926"}],"wp:attachment":[{"href":"https:\/\/revues.uqam.ca\/prefix\/wp-json\/wp\/v2\/media?parent=4396"}],"wp:term":[{"taxonomy":"category","embeddable":true,"href":"https:\/\/revues.uqam.ca\/prefix\/wp-json\/wp\/v2\/categories?post=4396"},{"taxonomy":"post_tag","embeddable":true,"href":"https:\/\/revues.uqam.ca\/prefix\/wp-json\/wp\/v2\/tags?post=4396"},{"taxonomy":"author","embeddable":true,"href":"https:\/\/revues.uqam.ca\/prefix\/wp-json\/wp\/v2\/ppma_author?post=4396"}],"curies":[{"name":"wp","href":"https:\/\/api.w.org\/{rel}","templated":true}]}}