{"id":3772,"date":"2024-04-11T14:16:51","date_gmt":"2024-04-11T18:16:51","guid":{"rendered":"https:\/\/revues.uqam.ca\/prefix\/?p=3772"},"modified":"2025-04-08T14:10:51","modified_gmt":"2025-04-08T18:10:51","slug":"la-sante-dans-tous-les-instituts-activite-interinstituts-de-luqam","status":"publish","type":"post","link":"https:\/\/revues.uqam.ca\/prefix\/videos\/la-sante-dans-tous-les-instituts-activite-interinstituts-de-luqam\/","title":{"rendered":"\u00abLa sant\u00e9 dans tous les instituts\u00bb &#8211; activit\u00e9 interinstituts de l&rsquo;UQAM"},"content":{"rendered":"\n<div class=\"wp-block-advgb-button alignnone\"><a class=\"wp-block-advgb-button_link advgbbtn-554370ac-5aaa-4b1b-bdad-8c867c2d5e7c\" href=\"http:\/\/tv.uqam.ca\/sante-tous-les-instituts-activite-interinstituts-luqam?cat=527\" target=\"_blank\" rel=\"noopener noreferrer\"><span>Lien vers la vid\u00e9o<\/span><\/a><\/div>\n\n\n\n<p><\/p>\n\n\n\n<p>\u00c0 l\u2019UQAM, les six instituts sont des p\u00f4les d\u2019attraction pour des personnes investies dans leur champ d\u2019\u00e9tudes sp\u00e9cifique. Les th\u00e9matiques propres aux instituts sont distinctes, mais aussi reli\u00e9es.<\/p>\n\n\n\n<p>Depuis quelques ann\u00e9es, les instituts organisent conjointement des activit\u00e9s \u00e0 l\u2019intersection de leur domaine d\u2019expertise. Cette ann\u00e9e, la th\u00e9matique retenue pour l\u2019activit\u00e9 \u00e9tait \u00ab La sant\u00e9 dans tous les instituts \u00bb. Avec le projet de cr\u00e9ation d\u2019une facult\u00e9 qui serait d\u00e9volue aux sciences de la sant\u00e9, il a sembl\u00e9 opportun d\u2019illustrer la richesse des contributions en sant\u00e9 sous divers angles. Les pan\u00e9listes provenant de chacun des instituts ont parl\u00e9 de leur contribution \u00e0 la connaissance en sant\u00e9 et partag\u00e9 leurs r\u00e9flexions sur les \u00e9clairages que les instituts peuvent apporter au d\u00e9veloppement de la sant\u00e9 \u00e0 l\u2019UQAM.<\/p>\n\n\n\n<p>L&rsquo;activit\u00e9 a eu lieu le 10 avril 2024 et \u00e9tait anim\u00e9e par <strong>Johanne Saint-Charles<\/strong>, directrice de l&rsquo;Institut Sant\u00e9 et soci\u00e9t\u00e9 (ISS). L&rsquo;allocution de cl\u00f4ture a \u00e9t\u00e9 prononc\u00e9e par <strong>Carole Jabet<\/strong>, directrice scientifique, Fonds de recherche du Qu\u00e9bec \u2013 Sant\u00e9.<\/p>\n\n\n\n<p>Pan\u00e9listes :<\/p>\n\n\n\n<p><strong>Luc Faucher<\/strong>, professeur, D\u00e9partement de philosophie, UQAM <em>(Institut des sciences cognitives)<\/em><\/p>\n\n\n\n<p><strong>Catherine Des Rivi\u00e8res-Pigeon<\/strong>, professeure, D\u00e9partement de sociologie, UQAM <em>(Institut de recherches et d&rsquo;\u00e9tudes f\u00e9ministes)<\/em><\/p>\n\n\n\n<p><strong>Julie Poissant<\/strong>, professeure, D\u00e9partement d\u2019\u00e9ducation et formation sp\u00e9cialis\u00e9es, UQAM<em> (Institut Sant\u00e9 et soci\u00e9t\u00e9)<\/em><\/p>\n\n\n\n<p><strong>Tegwen Gadais<\/strong>, professeur, D\u00e9partement des sciences de l\u2019activit\u00e9 physique, UQAM, co-pr\u00e9sident du comit\u00e9 scientifique de la Chaire UNESCO de d\u00e9veloppement curriculaire <em>(Institut d\u2019\u00e9tudes internationales de Montr\u00e9al)<\/em><\/p>\n\n\n\n<p><strong>Maud Gendron Langevin<\/strong>, professeure, \u00c9cole sup\u00e9rieure de th\u00e9\u00e2tre, UQAM <em>(Institut du patrimoine)<\/em><\/p>\n\n\n\n<p><strong>Louise Vandelac<\/strong>, professeure, D\u00e9partement de sociologie, UQAM <em>(Institut des sciences de l\u2019environnement)<\/em><\/p>\n<style class=\"advgb-styles-renderer\">.advgbbtn-554370ac-5aaa-4b1b-bdad-8c867c2d5e7c{font-size:20px;color:#fff !important;background-color:#2196f3 !important;margin:0px 0px 0px 0px !important;padding:10px 30px 10px 30px;border-width:1px !important;border-style:none;border-radius:50px !important;}.advgbbtn-554370ac-5aaa-4b1b-bdad-8c867c2d5e7c:hover{box-shadow:1px 1px 12px 0px #ccc;opacity:1;transition:all 0.2s ease;}.advgbbtn-554370ac-5aaa-4b1b-bdad-8c867c2d5e7c > i {display: none !important;}<\/style>","protected":false},"excerpt":{"rendered":"<p>\u00c0 l\u2019UQAM, les six instituts sont des p\u00f4les d\u2019attraction pour des personnes investies dans leur champ d\u2019\u00e9tudes sp\u00e9cifique. Les th\u00e9matiques propres aux instituts sont distinctes, mais aussi reli\u00e9es. Depuis quelques ann\u00e9es, les instituts organisent conjointement des activit\u00e9s \u00e0 l\u2019intersection de leur domaine d\u2019expertise. Cette ann\u00e9e, la th\u00e9matique retenue pour l\u2019activit\u00e9 \u00e9tait \u00ab La sant\u00e9 dans [&hellip;]<\/p>\n","protected":false},"author":1,"featured_media":1926,"comment_status":"closed","ping_status":"closed","sticky":false,"template":"","format":"standard","meta":{"_acf_changed":false,"advgb_blocks_editor_width":"","advgb_blocks_columns_visual_guide":"","footnotes":""},"categories":[453],"tags":[88,479,201,93,190,65,406,234],"ppma_author":[166,275,146],"class_list":["post-3772","post","type-post","status-publish","format-standard","has-post-thumbnail","hentry","category-videos","tag-arts","tag-autisme","tag-environnement","tag-feminismes","tag-sante","tag-sciences-humaines","tag-sciences-sociales","tag-sociologie"],"acf":[],"yoast_head":"<!-- This site is optimized with the Yoast SEO plugin v22.1 - https:\/\/yoast.com\/wordpress\/plugins\/seo\/ -->\n<title>\u00abLa sant\u00e9 dans tous les instituts\u00bb - activit\u00e9 interinstituts de l&#039;UQAM | PR\u00c9FIX<\/title>\n<meta name=\"robots\" content=\"index, follow, max-snippet:-1, max-image-preview:large, max-video-preview:-1\" \/>\n<link rel=\"canonical\" href=\"https:\/\/revues.uqam.ca\/prefix\/videos\/la-sante-dans-tous-les-instituts-activite-interinstituts-de-luqam\/\" \/>\n<meta property=\"og:locale\" content=\"fr_CA\" \/>\n<meta property=\"og:type\" content=\"article\" \/>\n<meta property=\"og:title\" content=\"\u00abLa sant\u00e9 dans tous les instituts\u00bb - activit\u00e9 interinstituts de l&#039;UQAM | PR\u00c9FIX\" \/>\n<meta property=\"og:description\" content=\"\u00c0 l\u2019UQAM, les six instituts sont des p\u00f4les d\u2019attraction pour des personnes investies dans leur champ d\u2019\u00e9tudes sp\u00e9cifique. Les th\u00e9matiques propres aux instituts sont distinctes, mais aussi reli\u00e9es. Depuis quelques ann\u00e9es, les instituts organisent conjointement des activit\u00e9s \u00e0 l\u2019intersection de leur domaine d\u2019expertise. Cette ann\u00e9e, la th\u00e9matique retenue pour l\u2019activit\u00e9 \u00e9tait \u00ab La sant\u00e9 dans [&hellip;]\" \/>\n<meta property=\"og:url\" content=\"https:\/\/revues.uqam.ca\/prefix\/videos\/la-sante-dans-tous-les-instituts-activite-interinstituts-de-luqam\/\" \/>\n<meta property=\"og:site_name\" content=\"PR\u00c9FIX\" \/>\n<meta property=\"article:published_time\" content=\"2024-04-11T18:16:51+00:00\" \/>\n<meta property=\"article:modified_time\" content=\"2025-04-08T18:10:51+00:00\" \/>\n<meta property=\"og:image\" content=\"https:\/\/revues.uqam.ca\/prefix\/wp-content\/uploads\/sites\/4\/2023\/10\/UQAM_feminisphere_vignette_1080x1080.png\" \/>\n\t<meta property=\"og:image:width\" content=\"1081\" \/>\n\t<meta property=\"og:image:height\" content=\"1081\" \/>\n\t<meta property=\"og:image:type\" content=\"image\/png\" \/>\n<meta name=\"author\" content=\"des Rivi\u00e8res-Pigeon, Catherine, Saint-Charles, Johanne, Vandelac, Louise\" \/>\n<meta name=\"twitter:card\" content=\"summary_large_image\" \/>\n<meta name=\"twitter:label1\" content=\"\u00c9crit par\" \/>\n\t<meta name=\"twitter:data1\" content=\"Laporte, Jonathan\" \/>\n\t<meta name=\"twitter:label2\" content=\"Estimation du temps de lecture\" \/>\n\t<meta name=\"twitter:data2\" content=\"2 minutes\" \/>\n<script type=\"application\/ld+json\" class=\"yoast-schema-graph\">{\"@context\":\"https:\/\/schema.org\",\"@graph\":[{\"@type\":\"WebPage\",\"@id\":\"https:\/\/revues.uqam.ca\/prefix\/videos\/la-sante-dans-tous-les-instituts-activite-interinstituts-de-luqam\/\",\"url\":\"https:\/\/revues.uqam.ca\/prefix\/videos\/la-sante-dans-tous-les-instituts-activite-interinstituts-de-luqam\/\",\"name\":\"\u00abLa sant\u00e9 dans tous les instituts\u00bb - activit\u00e9 interinstituts de l'UQAM | PR\u00c9FIX\",\"isPartOf\":{\"@id\":\"https:\/\/revues.uqam.ca\/prefix\/#website\"},\"datePublished\":\"2024-04-11T18:16:51+00:00\",\"dateModified\":\"2025-04-08T18:10:51+00:00\",\"author\":{\"@id\":\"https:\/\/revues.uqam.ca\/prefix\/#\/schema\/person\/2f138bcb5848bbd3421eb9d222e87983\"},\"breadcrumb\":{\"@id\":\"https:\/\/revues.uqam.ca\/prefix\/videos\/la-sante-dans-tous-les-instituts-activite-interinstituts-de-luqam\/#breadcrumb\"},\"inLanguage\":\"fr-CA\",\"potentialAction\":[{\"@type\":\"ReadAction\",\"target\":[\"https:\/\/revues.uqam.ca\/prefix\/videos\/la-sante-dans-tous-les-instituts-activite-interinstituts-de-luqam\/\"]}]},{\"@type\":\"BreadcrumbList\",\"@id\":\"https:\/\/revues.uqam.ca\/prefix\/videos\/la-sante-dans-tous-les-instituts-activite-interinstituts-de-luqam\/#breadcrumb\",\"itemListElement\":[{\"@type\":\"ListItem\",\"position\":1,\"name\":\"UQAM\",\"item\":\"https:\/\/uqam.ca\"},{\"@type\":\"ListItem\",\"position\":2,\"name\":\"PR\u00c9FIX\",\"item\":\"https:\/\/revues.uqam.ca\/prefix\"},{\"@type\":\"ListItem\",\"position\":3,\"name\":\"\u00abLa sant\u00e9 dans tous les instituts\u00bb &#8211; activit\u00e9 interinstituts de l&rsquo;UQAM\"}]},{\"@type\":\"WebSite\",\"@id\":\"https:\/\/revues.uqam.ca\/prefix\/#website\",\"url\":\"https:\/\/revues.uqam.ca\/prefix\/\",\"name\":\"PR\u00c9FIX\",\"description\":\"\",\"potentialAction\":[{\"@type\":\"SearchAction\",\"target\":{\"@type\":\"EntryPoint\",\"urlTemplate\":\"https:\/\/revues.uqam.ca\/prefix\/recherche\/?q={search_term_string}\"},\"query-input\":\"required name=search_term_string\"}],\"inLanguage\":\"fr-CA\"},{\"@type\":\"Person\",\"@id\":\"https:\/\/revues.uqam.ca\/prefix\/#\/schema\/person\/2f138bcb5848bbd3421eb9d222e87983\",\"name\":\"Laporte, Jonathan\",\"image\":{\"@type\":\"ImageObject\",\"inLanguage\":\"fr-CA\",\"@id\":\"https:\/\/revues.uqam.ca\/prefix\/#\/schema\/person\/image\/194bb2b0bbe9a7a9dbd334f4190811e1\",\"url\":\"https:\/\/secure.gravatar.com\/avatar\/064745b4f9b92b9af7de294b8db82c824b80019f5ffd151c99b31426eeff56de?s=96&d=mm&r=g\",\"contentUrl\":\"https:\/\/secure.gravatar.com\/avatar\/064745b4f9b92b9af7de294b8db82c824b80019f5ffd151c99b31426eeff56de?s=96&d=mm&r=g\",\"caption\":\"Laporte, Jonathan\"},\"sameAs\":[\"https:\/\/revues.uqam.ca\"],\"url\":\"https:\/\/revues.uqam.ca\/prefix\/author\/laporte_jon\/\"}]}<\/script>\n<!-- \/ Yoast SEO plugin. -->","yoast_head_json":{"title":"\u00abLa sant\u00e9 dans tous les instituts\u00bb - activit\u00e9 interinstituts de l'UQAM | PR\u00c9FIX","robots":{"index":"index","follow":"follow","max-snippet":"max-snippet:-1","max-image-preview":"max-image-preview:large","max-video-preview":"max-video-preview:-1"},"canonical":"https:\/\/revues.uqam.ca\/prefix\/videos\/la-sante-dans-tous-les-instituts-activite-interinstituts-de-luqam\/","og_locale":"fr_CA","og_type":"article","og_title":"\u00abLa sant\u00e9 dans tous les instituts\u00bb - activit\u00e9 interinstituts de l'UQAM | PR\u00c9FIX","og_description":"\u00c0 l\u2019UQAM, les six instituts sont des p\u00f4les d\u2019attraction pour des personnes investies dans leur champ d\u2019\u00e9tudes sp\u00e9cifique. Les th\u00e9matiques propres aux instituts sont distinctes, mais aussi reli\u00e9es. Depuis quelques ann\u00e9es, les instituts organisent conjointement des activit\u00e9s \u00e0 l\u2019intersection de leur domaine d\u2019expertise. Cette ann\u00e9e, la th\u00e9matique retenue pour l\u2019activit\u00e9 \u00e9tait \u00ab La sant\u00e9 dans [&hellip;]","og_url":"https:\/\/revues.uqam.ca\/prefix\/videos\/la-sante-dans-tous-les-instituts-activite-interinstituts-de-luqam\/","og_site_name":"PR\u00c9FIX","article_published_time":"2024-04-11T18:16:51+00:00","article_modified_time":"2025-04-08T18:10:51+00:00","og_image":[{"width":1081,"height":1081,"url":"https:\/\/revues.uqam.ca\/prefix\/wp-content\/uploads\/sites\/4\/2023\/10\/UQAM_feminisphere_vignette_1080x1080.png","type":"image\/png"}],"author":"des Rivi\u00e8res-Pigeon, Catherine, Saint-Charles, Johanne, Vandelac, Louise","twitter_card":"summary_large_image","twitter_misc":{"\u00c9crit par":"Laporte, Jonathan","Estimation du temps de lecture":"2 minutes"},"schema":{"@context":"https:\/\/schema.org","@graph":[{"@type":"WebPage","@id":"https:\/\/revues.uqam.ca\/prefix\/videos\/la-sante-dans-tous-les-instituts-activite-interinstituts-de-luqam\/","url":"https:\/\/revues.uqam.ca\/prefix\/videos\/la-sante-dans-tous-les-instituts-activite-interinstituts-de-luqam\/","name":"\u00abLa sant\u00e9 dans tous les instituts\u00bb - activit\u00e9 interinstituts de l'UQAM | PR\u00c9FIX","isPartOf":{"@id":"https:\/\/revues.uqam.ca\/prefix\/#website"},"datePublished":"2024-04-11T18:16:51+00:00","dateModified":"2025-04-08T18:10:51+00:00","author":{"@id":"https:\/\/revues.uqam.ca\/prefix\/#\/schema\/person\/2f138bcb5848bbd3421eb9d222e87983"},"breadcrumb":{"@id":"https:\/\/revues.uqam.ca\/prefix\/videos\/la-sante-dans-tous-les-instituts-activite-interinstituts-de-luqam\/#breadcrumb"},"inLanguage":"fr-CA","potentialAction":[{"@type":"ReadAction","target":["https:\/\/revues.uqam.ca\/prefix\/videos\/la-sante-dans-tous-les-instituts-activite-interinstituts-de-luqam\/"]}]},{"@type":"BreadcrumbList","@id":"https:\/\/revues.uqam.ca\/prefix\/videos\/la-sante-dans-tous-les-instituts-activite-interinstituts-de-luqam\/#breadcrumb","itemListElement":[{"@type":"ListItem","position":1,"name":"UQAM","item":"https:\/\/uqam.ca"},{"@type":"ListItem","position":2,"name":"PR\u00c9FIX","item":"https:\/\/revues.uqam.ca\/prefix"},{"@type":"ListItem","position":3,"name":"\u00abLa sant\u00e9 dans tous les instituts\u00bb &#8211; activit\u00e9 interinstituts de l&rsquo;UQAM"}]},{"@type":"WebSite","@id":"https:\/\/revues.uqam.ca\/prefix\/#website","url":"https:\/\/revues.uqam.ca\/prefix\/","name":"PR\u00c9FIX","description":"","potentialAction":[{"@type":"SearchAction","target":{"@type":"EntryPoint","urlTemplate":"https:\/\/revues.uqam.ca\/prefix\/recherche\/?q={search_term_string}"},"query-input":"required name=search_term_string"}],"inLanguage":"fr-CA"},{"@type":"Person","@id":"https:\/\/revues.uqam.ca\/prefix\/#\/schema\/person\/2f138bcb5848bbd3421eb9d222e87983","name":"Laporte, Jonathan","image":{"@type":"ImageObject","inLanguage":"fr-CA","@id":"https:\/\/revues.uqam.ca\/prefix\/#\/schema\/person\/image\/194bb2b0bbe9a7a9dbd334f4190811e1","url":"https:\/\/secure.gravatar.com\/avatar\/064745b4f9b92b9af7de294b8db82c824b80019f5ffd151c99b31426eeff56de?s=96&d=mm&r=g","contentUrl":"https:\/\/secure.gravatar.com\/avatar\/064745b4f9b92b9af7de294b8db82c824b80019f5ffd151c99b31426eeff56de?s=96&d=mm&r=g","caption":"Laporte, Jonathan"},"sameAs":["https:\/\/revues.uqam.ca"],"url":"https:\/\/revues.uqam.ca\/prefix\/author\/laporte_jon\/"}]}},"author_meta":{"display_name":"Laporte, Jonathan","author_link":"https:\/\/revues.uqam.ca\/prefix\/author\/laporte_jon\/"},"featured_img":"https:\/\/revues.uqam.ca\/prefix\/wp-content\/uploads\/sites\/4\/2023\/10\/UQAM_feminisphere_vignette_1080x1080-300x300.png","coauthors":[{"link":"https:\/\/revues.uqam.ca\/prefix\/author\/des-rivieres-pigeon-catherine\/","display_name":"des Rivi\u00e8res-Pigeon, Catherine"},{"link":"https:\/\/revues.uqam.ca\/prefix\/author\/saint-charles-johanne\/","display_name":"Saint-Charles, Johanne"},{"link":"https:\/\/revues.uqam.ca\/prefix\/author\/vandelac-louise\/","display_name":"Vandelac, Louise"}],"tax_additional":{"categories":{"linked":["<a href=\"https:\/\/revues.uqam.ca\/prefix\/category\/videos\/\" class=\"advgb-post-tax-term\">Vid\u00e9os<\/a>"],"unlinked":["<span class=\"advgb-post-tax-term\">Vid\u00e9os<\/span>"]},"tags":{"linked":["<a href=\"https:\/\/revues.uqam.ca\/prefix\/category\/videos\/\" class=\"advgb-post-tax-term\">arts<\/a>","<a href=\"https:\/\/revues.uqam.ca\/prefix\/category\/videos\/\" class=\"advgb-post-tax-term\">autisme<\/a>","<a href=\"https:\/\/revues.uqam.ca\/prefix\/category\/videos\/\" class=\"advgb-post-tax-term\">environnement<\/a>","<a href=\"https:\/\/revues.uqam.ca\/prefix\/category\/videos\/\" class=\"advgb-post-tax-term\">f\u00e9minismes<\/a>","<a href=\"https:\/\/revues.uqam.ca\/prefix\/category\/videos\/\" class=\"advgb-post-tax-term\">sant\u00e9<\/a>","<a href=\"https:\/\/revues.uqam.ca\/prefix\/category\/videos\/\" class=\"advgb-post-tax-term\">sciences humaines<\/a>","<a href=\"https:\/\/revues.uqam.ca\/prefix\/category\/videos\/\" class=\"advgb-post-tax-term\">sciences sociales<\/a>","<a href=\"https:\/\/revues.uqam.ca\/prefix\/category\/videos\/\" class=\"advgb-post-tax-term\">sociologie<\/a>"],"unlinked":["<span class=\"advgb-post-tax-term\">arts<\/span>","<span class=\"advgb-post-tax-term\">autisme<\/span>","<span class=\"advgb-post-tax-term\">environnement<\/span>","<span class=\"advgb-post-tax-term\">f\u00e9minismes<\/span>","<span class=\"advgb-post-tax-term\">sant\u00e9<\/span>","<span class=\"advgb-post-tax-term\">sciences humaines<\/span>","<span class=\"advgb-post-tax-term\">sciences sociales<\/span>","<span class=\"advgb-post-tax-term\">sociologie<\/span>"]}},"comment_count":"0","relative_dates":{"created":"Posted 2 ann\u00e9es ago","modified":"Updated 1 ann\u00e9e ago"},"absolute_dates":{"created":"Posted on 11 avril 2024","modified":"Updated on 8 avril 2025"},"absolute_dates_time":{"created":"Posted on 11 avril 2024 14 h 16 min","modified":"Updated on 8 avril 2025 14 h 10 min"},"featured_img_caption":"","series_order":"","authors":[{"term_id":166,"user_id":0,"is_guest":1,"slug":"des-rivieres-pigeon-catherine","display_name":"des Rivi\u00e8res-Pigeon, Catherine","avatar_url":{"url":"https:\/\/revues.uqam.ca\/prefix\/wp-content\/uploads\/sites\/4\/2023\/10\/des-Rivieres-Pigeon.jpg","url2x":"https:\/\/revues.uqam.ca\/prefix\/wp-content\/uploads\/sites\/4\/2023\/10\/des-Rivieres-Pigeon.jpg"},"1":"","2":"","3":"","4":"","5":"","6":"","7":"","8":""},{"term_id":275,"user_id":0,"is_guest":1,"slug":"saint-charles-johanne","display_name":"Saint-Charles, Johanne","avatar_url":{"url":"https:\/\/revues.uqam.ca\/prefix\/wp-content\/uploads\/sites\/4\/2023\/10\/Saint-Charles.jpg","url2x":"https:\/\/revues.uqam.ca\/prefix\/wp-content\/uploads\/sites\/4\/2023\/10\/Saint-Charles.jpg"},"1":"","2":"","3":"","4":"","5":"","6":"","7":"","8":""},{"term_id":146,"user_id":0,"is_guest":1,"slug":"vandelac-louise","display_name":"Vandelac, Louise","avatar_url":{"url":"https:\/\/revues.uqam.ca\/prefix\/wp-content\/uploads\/sites\/4\/2023\/10\/Vandelac.jpg","url2x":"https:\/\/revues.uqam.ca\/prefix\/wp-content\/uploads\/sites\/4\/2023\/10\/Vandelac.jpg"},"1":"","2":"","3":"","4":"","5":"","6":"","7":"","8":""}],"_links":{"self":[{"href":"https:\/\/revues.uqam.ca\/prefix\/wp-json\/wp\/v2\/posts\/3772","targetHints":{"allow":["GET"]}}],"collection":[{"href":"https:\/\/revues.uqam.ca\/prefix\/wp-json\/wp\/v2\/posts"}],"about":[{"href":"https:\/\/revues.uqam.ca\/prefix\/wp-json\/wp\/v2\/types\/post"}],"author":[{"embeddable":true,"href":"https:\/\/revues.uqam.ca\/prefix\/wp-json\/wp\/v2\/users\/1"}],"replies":[{"embeddable":true,"href":"https:\/\/revues.uqam.ca\/prefix\/wp-json\/wp\/v2\/comments?post=3772"}],"version-history":[{"count":6,"href":"https:\/\/revues.uqam.ca\/prefix\/wp-json\/wp\/v2\/posts\/3772\/revisions"}],"predecessor-version":[{"id":4401,"href":"https:\/\/revues.uqam.ca\/prefix\/wp-json\/wp\/v2\/posts\/3772\/revisions\/4401"}],"wp:featuredmedia":[{"embeddable":true,"href":"https:\/\/revues.uqam.ca\/prefix\/wp-json\/wp\/v2\/media\/1926"}],"wp:attachment":[{"href":"https:\/\/revues.uqam.ca\/prefix\/wp-json\/wp\/v2\/media?parent=3772"}],"wp:term":[{"taxonomy":"category","embeddable":true,"href":"https:\/\/revues.uqam.ca\/prefix\/wp-json\/wp\/v2\/categories?post=3772"},{"taxonomy":"post_tag","embeddable":true,"href":"https:\/\/revues.uqam.ca\/prefix\/wp-json\/wp\/v2\/tags?post=3772"},{"taxonomy":"author","embeddable":true,"href":"https:\/\/revues.uqam.ca\/prefix\/wp-json\/wp\/v2\/ppma_author?post=3772"}],"curies":[{"name":"wp","href":"https:\/\/api.w.org\/{rel}","templated":true}]}}