{"id":2503,"date":"2024-03-04T12:00:39","date_gmt":"2024-03-04T17:00:39","guid":{"rendered":"https:\/\/revues.uqam.ca\/prefix\/?p=2503"},"modified":"2024-05-02T08:06:45","modified_gmt":"2024-05-02T12:06:45","slug":"redaction-feministe-et-inclusive","status":"publish","type":"post","link":"https:\/\/revues.uqam.ca\/prefix\/ressources\/redaction-feministe-et-inclusive\/","title":{"rendered":"R\u00e9daction f\u00e9ministe et inclusive"},"content":{"rendered":"\n<p class=\"wp-block-paragraph\"><\/p>\n\n\n\n<h3 class=\"wp-block-heading\"><strong>Capsule de formation<\/strong><\/h3>\n\n\n\n<ul class=\"wp-block-list\">\n<li>(2020) La <strong>capsule vid\u00e9o <\/strong>\u00ab<a href=\"https:\/\/tv.uqam.ca\/capsule-redaction-feministe-inclusive\" target=\"_blank\" rel=\"noreferrer noopener\">R\u00e9daction f\u00e9ministe et inclusive<\/a>\u00bb pr\u00e9sente des m\u00e9thodes inclusives pour la r\u00e9daction et l\u2019expression orale au quotidien, et justifie l\u2019importance de tels outils. Elle a \u00e9t\u00e9 produite par le Carrefour p\u00e9dagogique et technop\u00e9dagogique de l&rsquo;UQAM gr\u00e2ce \u00e0 une subvention accord\u00e9e en 2018-2019, par le vice-rectorat aux syst\u00e8mes d\u2019information de l\u2019UQAM, dans le cadre du programme d\u2019aide pour l\u2019enseignement en ligne. La sc\u00e9narisation est de Liza Petiteau et la pr\u00e9sentation par Sandrine Bourget-Lapointe.<\/li>\n<\/ul>\n\n\n\n<h3 class=\"wp-block-heading\"><strong>Guides et recommandations institutionnelles&nbsp;<\/strong><\/h3>\n\n\n\n<ul class=\"wp-block-list\">\n<li>(2021) &#8211; <a href=\"https:\/\/www.uquebec.ca\/reseau\/fr\/system\/files\/documents\/EDI\/guide-communication-inclusive_uq-2021.pdf\">Guide sur la communication inclusive<\/a>, R\u00e9seau de l\u2019Universit\u00e9 du Qu\u00e9bec<\/li>\n\n\n\n<li>(2021) &#8211; <a href=\"https:\/\/www.uquebec.ca\/reseau\/fr\/system\/files\/documents\/EDI\/fiche1_ecriture-inclusive_uq-2021.pdf\">Fiche r\u00e9sum\u00e9 sur l\u2019\u00e9criture inclusive<\/a>, R\u00e9seau de l\u2019Universit\u00e9 du Qu\u00e9bec<\/li>\n\n\n\n<li>(1992) &#8211; <a href=\"https:\/\/instances.uqam.ca\/wp-content\/uploads\/sites\/47\/2017\/06\/Guide-de-f%C3%A9minisation-ou-la-repr%C3%A9sentation-des-femmes-dans-les-textes.pdf\"><em>Guide de f\u00e9minisation ou la repr\u00e9sentation des femmes dans les textes<\/em><\/a>, Universit\u00e9 du Qu\u00e9bec \u00e0 Montr\u00e9al<\/li>\n<\/ul>\n\n\n\n<h3 class=\"wp-block-heading\"><strong>Ressources communautaires et associatives<\/strong><\/h3>\n\n\n\n<ul class=\"wp-block-list\">\n<li>(2020) &#8211;<a href=\"https:\/\/iref.uqam.ca\/wp-content\/uploads\/sites\/56\/2022\/05\/Guide_ecriture_inclusive_feminetudes_2020.pdf\"> <em>Guide d&rsquo;\u00e9criture inclusive<\/em><\/a>, Revue <em>F\u00e9min\u00c9tudes<\/em>, UQAM<\/li>\n\n\n\n<li>(2014) &#8211; <em><a href=\"https:\/\/iref.uqam.ca\/wp-content\/uploads\/sites\/56\/2022\/05\/Guide_ecriture_inclusive_feminetudes_2014.pdf\" target=\"_blank\" rel=\"noreferrer noopener\">Le langage n&rsquo;est pas neutre. <\/a>Petit guide de r\u00e9daction f\u00e9ministe<\/em>, Revue <em>F\u00e9min\u00c9tudes<\/em>, UQAM<\/li>\n<\/ul>\n","protected":false},"excerpt":{"rendered":"<p>Capsule de formation Guides et recommandations institutionnelles&nbsp; Ressources communautaires et associatives<\/p>\n","protected":false},"author":1,"featured_media":1926,"comment_status":"closed","ping_status":"closed","sticky":false,"template":"","format":"standard","meta":{"_acf_changed":false,"advgb_blocks_editor_width":"","advgb_blocks_columns_visual_guide":"","footnotes":""},"categories":[373,453],"tags":[385,214,386,384],"ppma_author":[442,443],"class_list":["post-2503","post","type-post","status-publish","format-standard","has-post-thumbnail","hentry","category-ressources","category-videos","tag-communication-inclusive","tag-etudes-feministes","tag-identite-de-genre","tag-inclusivite"],"acf":[],"yoast_head":"<!-- This site is optimized with the Yoast SEO plugin v28.3 - https:\/\/yoast.com\/product\/yoast-seo-wordpress\/ -->\n<title>R\u00e9daction f\u00e9ministe et inclusive | PR\u00c9FIX<\/title>\n<meta name=\"description\" content=\"M\u00e9thodes inclusives pour la r\u00e9daction et l\u2019expression orale au quotidien, et justifie l\u2019importance de tels outils.\" \/>\n<meta name=\"robots\" content=\"index, follow, max-snippet:-1, max-image-preview:large, max-video-preview:-1\" \/>\n<link rel=\"canonical\" href=\"https:\/\/revues.uqam.ca\/prefix\/ressources\/redaction-feministe-et-inclusive\/\" \/>\n<meta property=\"og:locale\" content=\"fr_CA\" \/>\n<meta property=\"og:type\" content=\"article\" \/>\n<meta property=\"og:title\" content=\"R\u00e9daction f\u00e9ministe et inclusive | PR\u00c9FIX\" \/>\n<meta property=\"og:description\" content=\"M\u00e9thodes inclusives pour la r\u00e9daction et l\u2019expression orale au quotidien, et justifie l\u2019importance de tels outils.\" \/>\n<meta property=\"og:url\" content=\"https:\/\/revues.uqam.ca\/prefix\/ressources\/redaction-feministe-et-inclusive\/\" \/>\n<meta property=\"og:site_name\" content=\"PR\u00c9FIX\" \/>\n<meta property=\"article:published_time\" content=\"2024-03-04T17:00:39+00:00\" \/>\n<meta property=\"article:modified_time\" content=\"2024-05-02T12:06:45+00:00\" \/>\n<meta property=\"og:image\" content=\"https:\/\/revues.uqam.ca\/prefix\/wp-content\/uploads\/sites\/4\/2023\/10\/UQAM_feminisphere_vignette_1080x1080.png\" \/>\n\t<meta property=\"og:image:width\" content=\"1081\" \/>\n\t<meta property=\"og:image:height\" content=\"1081\" \/>\n\t<meta property=\"og:image:type\" content=\"image\/png\" \/>\n<meta name=\"author\" content=\"Bourget-Lapointe, Sandrine, Petiteau, Liza\" \/>\n<meta name=\"twitter:card\" content=\"summary_large_image\" \/>\n<meta name=\"twitter:label1\" content=\"\u00c9crit par\" \/>\n\t<meta name=\"twitter:data1\" content=\"Laporte, Jonathan\" \/>\n\t<meta name=\"twitter:label2\" content=\"Estimation du temps de lecture\" \/>\n\t<meta name=\"twitter:data2\" content=\"1 minute\" \/>\n<script type=\"application\/ld+json\" class=\"yoast-schema-graph\">{\"@context\":\"https:\\\/\\\/schema.org\",\"@graph\":[{\"@type\":\"Article\",\"@id\":\"https:\\\/\\\/revues.uqam.ca\\\/prefix\\\/ressources\\\/redaction-feministe-et-inclusive\\\/#article\",\"isPartOf\":{\"@id\":\"https:\\\/\\\/revues.uqam.ca\\\/prefix\\\/ressources\\\/redaction-feministe-et-inclusive\\\/\"},\"author\":{\"name\":\"Laporte, Jonathan\",\"@id\":\"https:\\\/\\\/revues.uqam.ca\\\/prefix\\\/#\\\/schema\\\/person\\\/2f138bcb5848bbd3421eb9d222e87983\"},\"headline\":\"R\u00e9daction f\u00e9ministe et inclusive\",\"datePublished\":\"2024-03-04T17:00:39+00:00\",\"dateModified\":\"2024-05-02T12:06:45+00:00\",\"mainEntityOfPage\":{\"@id\":\"https:\\\/\\\/revues.uqam.ca\\\/prefix\\\/ressources\\\/redaction-feministe-et-inclusive\\\/\"},\"wordCount\":188,\"image\":{\"@id\":\"https:\\\/\\\/revues.uqam.ca\\\/prefix\\\/ressources\\\/redaction-feministe-et-inclusive\\\/#primaryimage\"},\"thumbnailUrl\":\"https:\\\/\\\/revues.uqam.ca\\\/prefix\\\/wp-content\\\/uploads\\\/sites\\\/4\\\/2023\\\/10\\\/UQAM_feminisphere_vignette_1080x1080.png\",\"keywords\":[\"communication inclusive\",\"\u00c9tudes f\u00e9ministes\",\"identit\u00e9 de genre\",\"inclusivit\u00e9\"],\"articleSection\":[\"Ressources\",\"Vid\u00e9os\"],\"inLanguage\":\"fr-CA\"},{\"@type\":\"WebPage\",\"@id\":\"https:\\\/\\\/revues.uqam.ca\\\/prefix\\\/ressources\\\/redaction-feministe-et-inclusive\\\/\",\"url\":\"https:\\\/\\\/revues.uqam.ca\\\/prefix\\\/ressources\\\/redaction-feministe-et-inclusive\\\/\",\"name\":\"R\u00e9daction f\u00e9ministe et inclusive | PR\u00c9FIX\",\"isPartOf\":{\"@id\":\"https:\\\/\\\/revues.uqam.ca\\\/prefix\\\/#website\"},\"primaryImageOfPage\":{\"@id\":\"https:\\\/\\\/revues.uqam.ca\\\/prefix\\\/ressources\\\/redaction-feministe-et-inclusive\\\/#primaryimage\"},\"image\":{\"@id\":\"https:\\\/\\\/revues.uqam.ca\\\/prefix\\\/ressources\\\/redaction-feministe-et-inclusive\\\/#primaryimage\"},\"thumbnailUrl\":\"https:\\\/\\\/revues.uqam.ca\\\/prefix\\\/wp-content\\\/uploads\\\/sites\\\/4\\\/2023\\\/10\\\/UQAM_feminisphere_vignette_1080x1080.png\",\"datePublished\":\"2024-03-04T17:00:39+00:00\",\"dateModified\":\"2024-05-02T12:06:45+00:00\",\"author\":{\"@id\":\"https:\\\/\\\/revues.uqam.ca\\\/prefix\\\/#\\\/schema\\\/person\\\/2f138bcb5848bbd3421eb9d222e87983\"},\"description\":\"M\u00e9thodes inclusives pour la r\u00e9daction et l\u2019expression orale au quotidien, et justifie l\u2019importance de tels outils.\",\"breadcrumb\":{\"@id\":\"https:\\\/\\\/revues.uqam.ca\\\/prefix\\\/ressources\\\/redaction-feministe-et-inclusive\\\/#breadcrumb\"},\"inLanguage\":\"fr-CA\",\"potentialAction\":[{\"@type\":\"ReadAction\",\"target\":[\"https:\\\/\\\/revues.uqam.ca\\\/prefix\\\/ressources\\\/redaction-feministe-et-inclusive\\\/\"]}]},{\"@type\":\"ImageObject\",\"inLanguage\":\"fr-CA\",\"@id\":\"https:\\\/\\\/revues.uqam.ca\\\/prefix\\\/ressources\\\/redaction-feministe-et-inclusive\\\/#primaryimage\",\"url\":\"https:\\\/\\\/revues.uqam.ca\\\/prefix\\\/wp-content\\\/uploads\\\/sites\\\/4\\\/2023\\\/10\\\/UQAM_feminisphere_vignette_1080x1080.png\",\"contentUrl\":\"https:\\\/\\\/revues.uqam.ca\\\/prefix\\\/wp-content\\\/uploads\\\/sites\\\/4\\\/2023\\\/10\\\/UQAM_feminisphere_vignette_1080x1080.png\",\"width\":1081,\"height\":1081},{\"@type\":\"BreadcrumbList\",\"@id\":\"https:\\\/\\\/revues.uqam.ca\\\/prefix\\\/ressources\\\/redaction-feministe-et-inclusive\\\/#breadcrumb\",\"itemListElement\":[{\"@type\":\"ListItem\",\"position\":1,\"name\":\"UQAM\",\"item\":\"https:\\\/\\\/uqam.ca\"},{\"@type\":\"ListItem\",\"position\":2,\"name\":\"PR\u00c9FIX\",\"item\":\"https:\\\/\\\/revues.uqam.ca\\\/prefix\"},{\"@type\":\"ListItem\",\"position\":3,\"name\":\"R\u00e9daction f\u00e9ministe et inclusive\"}]},{\"@type\":\"WebSite\",\"@id\":\"https:\\\/\\\/revues.uqam.ca\\\/prefix\\\/#website\",\"url\":\"https:\\\/\\\/revues.uqam.ca\\\/prefix\\\/\",\"name\":\"PR\u00c9FIX\",\"description\":\"\",\"potentialAction\":[{\"@type\":\"SearchAction\",\"target\":{\"@type\":\"EntryPoint\",\"urlTemplate\":\"https:\\\/\\\/revues.uqam.ca\\\/prefix\\\/recherche\\\/?q={search_term_string}\"},\"query-input\":{\"@type\":\"PropertyValueSpecification\",\"valueRequired\":true,\"valueName\":\"search_term_string\"}}],\"inLanguage\":\"fr-CA\"},{\"@type\":\"Person\",\"@id\":\"https:\\\/\\\/revues.uqam.ca\\\/prefix\\\/#\\\/schema\\\/person\\\/2f138bcb5848bbd3421eb9d222e87983\",\"name\":\"Laporte, Jonathan\",\"image\":{\"@type\":\"ImageObject\",\"inLanguage\":\"fr-CA\",\"@id\":\"https:\\\/\\\/secure.gravatar.com\\\/avatar\\\/064745b4f9b92b9af7de294b8db82c824b80019f5ffd151c99b31426eeff56de?s=96&d=mm&r=g194bb2b0bbe9a7a9dbd334f4190811e1\",\"url\":\"https:\\\/\\\/secure.gravatar.com\\\/avatar\\\/064745b4f9b92b9af7de294b8db82c824b80019f5ffd151c99b31426eeff56de?s=96&d=mm&r=g\",\"contentUrl\":\"https:\\\/\\\/secure.gravatar.com\\\/avatar\\\/064745b4f9b92b9af7de294b8db82c824b80019f5ffd151c99b31426eeff56de?s=96&d=mm&r=g\",\"caption\":\"Laporte, Jonathan\"},\"sameAs\":[\"https:\\\/\\\/revues.uqam.ca\"],\"url\":\"https:\\\/\\\/revues.uqam.ca\\\/prefix\\\/author\\\/laporte_jon\\\/\"}]}<\/script>\n<!-- \/ Yoast SEO plugin. -->","yoast_head_json":{"title":"R\u00e9daction f\u00e9ministe et inclusive | PR\u00c9FIX","description":"M\u00e9thodes inclusives pour la r\u00e9daction et l\u2019expression orale au quotidien, et justifie l\u2019importance de tels outils.","robots":{"index":"index","follow":"follow","max-snippet":"max-snippet:-1","max-image-preview":"max-image-preview:large","max-video-preview":"max-video-preview:-1"},"canonical":"https:\/\/revues.uqam.ca\/prefix\/ressources\/redaction-feministe-et-inclusive\/","og_locale":"fr_CA","og_type":"article","og_title":"R\u00e9daction f\u00e9ministe et inclusive | PR\u00c9FIX","og_description":"M\u00e9thodes inclusives pour la r\u00e9daction et l\u2019expression orale au quotidien, et justifie l\u2019importance de tels outils.","og_url":"https:\/\/revues.uqam.ca\/prefix\/ressources\/redaction-feministe-et-inclusive\/","og_site_name":"PR\u00c9FIX","article_published_time":"2024-03-04T17:00:39+00:00","article_modified_time":"2024-05-02T12:06:45+00:00","og_image":[{"width":1081,"height":1081,"url":"https:\/\/revues.uqam.ca\/prefix\/wp-content\/uploads\/sites\/4\/2023\/10\/UQAM_feminisphere_vignette_1080x1080.png","type":"image\/png"}],"author":"Bourget-Lapointe, Sandrine, Petiteau, Liza","twitter_card":"summary_large_image","twitter_misc":{"\u00c9crit par":"Laporte, Jonathan","Estimation du temps de lecture":"1 minute"},"schema":{"@context":"https:\/\/schema.org","@graph":[{"@type":"Article","@id":"https:\/\/revues.uqam.ca\/prefix\/ressources\/redaction-feministe-et-inclusive\/#article","isPartOf":{"@id":"https:\/\/revues.uqam.ca\/prefix\/ressources\/redaction-feministe-et-inclusive\/"},"author":{"name":"Laporte, Jonathan","@id":"https:\/\/revues.uqam.ca\/prefix\/#\/schema\/person\/2f138bcb5848bbd3421eb9d222e87983"},"headline":"R\u00e9daction f\u00e9ministe et inclusive","datePublished":"2024-03-04T17:00:39+00:00","dateModified":"2024-05-02T12:06:45+00:00","mainEntityOfPage":{"@id":"https:\/\/revues.uqam.ca\/prefix\/ressources\/redaction-feministe-et-inclusive\/"},"wordCount":188,"image":{"@id":"https:\/\/revues.uqam.ca\/prefix\/ressources\/redaction-feministe-et-inclusive\/#primaryimage"},"thumbnailUrl":"https:\/\/revues.uqam.ca\/prefix\/wp-content\/uploads\/sites\/4\/2023\/10\/UQAM_feminisphere_vignette_1080x1080.png","keywords":["communication inclusive","\u00c9tudes f\u00e9ministes","identit\u00e9 de genre","inclusivit\u00e9"],"articleSection":["Ressources","Vid\u00e9os"],"inLanguage":"fr-CA"},{"@type":"WebPage","@id":"https:\/\/revues.uqam.ca\/prefix\/ressources\/redaction-feministe-et-inclusive\/","url":"https:\/\/revues.uqam.ca\/prefix\/ressources\/redaction-feministe-et-inclusive\/","name":"R\u00e9daction f\u00e9ministe et inclusive | PR\u00c9FIX","isPartOf":{"@id":"https:\/\/revues.uqam.ca\/prefix\/#website"},"primaryImageOfPage":{"@id":"https:\/\/revues.uqam.ca\/prefix\/ressources\/redaction-feministe-et-inclusive\/#primaryimage"},"image":{"@id":"https:\/\/revues.uqam.ca\/prefix\/ressources\/redaction-feministe-et-inclusive\/#primaryimage"},"thumbnailUrl":"https:\/\/revues.uqam.ca\/prefix\/wp-content\/uploads\/sites\/4\/2023\/10\/UQAM_feminisphere_vignette_1080x1080.png","datePublished":"2024-03-04T17:00:39+00:00","dateModified":"2024-05-02T12:06:45+00:00","author":{"@id":"https:\/\/revues.uqam.ca\/prefix\/#\/schema\/person\/2f138bcb5848bbd3421eb9d222e87983"},"description":"M\u00e9thodes inclusives pour la r\u00e9daction et l\u2019expression orale au quotidien, et justifie l\u2019importance de tels outils.","breadcrumb":{"@id":"https:\/\/revues.uqam.ca\/prefix\/ressources\/redaction-feministe-et-inclusive\/#breadcrumb"},"inLanguage":"fr-CA","potentialAction":[{"@type":"ReadAction","target":["https:\/\/revues.uqam.ca\/prefix\/ressources\/redaction-feministe-et-inclusive\/"]}]},{"@type":"ImageObject","inLanguage":"fr-CA","@id":"https:\/\/revues.uqam.ca\/prefix\/ressources\/redaction-feministe-et-inclusive\/#primaryimage","url":"https:\/\/revues.uqam.ca\/prefix\/wp-content\/uploads\/sites\/4\/2023\/10\/UQAM_feminisphere_vignette_1080x1080.png","contentUrl":"https:\/\/revues.uqam.ca\/prefix\/wp-content\/uploads\/sites\/4\/2023\/10\/UQAM_feminisphere_vignette_1080x1080.png","width":1081,"height":1081},{"@type":"BreadcrumbList","@id":"https:\/\/revues.uqam.ca\/prefix\/ressources\/redaction-feministe-et-inclusive\/#breadcrumb","itemListElement":[{"@type":"ListItem","position":1,"name":"UQAM","item":"https:\/\/uqam.ca"},{"@type":"ListItem","position":2,"name":"PR\u00c9FIX","item":"https:\/\/revues.uqam.ca\/prefix"},{"@type":"ListItem","position":3,"name":"R\u00e9daction f\u00e9ministe et inclusive"}]},{"@type":"WebSite","@id":"https:\/\/revues.uqam.ca\/prefix\/#website","url":"https:\/\/revues.uqam.ca\/prefix\/","name":"PR\u00c9FIX","description":"","potentialAction":[{"@type":"SearchAction","target":{"@type":"EntryPoint","urlTemplate":"https:\/\/revues.uqam.ca\/prefix\/recherche\/?q={search_term_string}"},"query-input":{"@type":"PropertyValueSpecification","valueRequired":true,"valueName":"search_term_string"}}],"inLanguage":"fr-CA"},{"@type":"Person","@id":"https:\/\/revues.uqam.ca\/prefix\/#\/schema\/person\/2f138bcb5848bbd3421eb9d222e87983","name":"Laporte, Jonathan","image":{"@type":"ImageObject","inLanguage":"fr-CA","@id":"https:\/\/secure.gravatar.com\/avatar\/064745b4f9b92b9af7de294b8db82c824b80019f5ffd151c99b31426eeff56de?s=96&d=mm&r=g194bb2b0bbe9a7a9dbd334f4190811e1","url":"https:\/\/secure.gravatar.com\/avatar\/064745b4f9b92b9af7de294b8db82c824b80019f5ffd151c99b31426eeff56de?s=96&d=mm&r=g","contentUrl":"https:\/\/secure.gravatar.com\/avatar\/064745b4f9b92b9af7de294b8db82c824b80019f5ffd151c99b31426eeff56de?s=96&d=mm&r=g","caption":"Laporte, Jonathan"},"sameAs":["https:\/\/revues.uqam.ca"],"url":"https:\/\/revues.uqam.ca\/prefix\/author\/laporte_jon\/"}]}},"author_meta":{"display_name":"Laporte, Jonathan","author_link":"https:\/\/revues.uqam.ca\/prefix\/author\/laporte_jon\/"},"featured_img":"https:\/\/revues.uqam.ca\/prefix\/wp-content\/uploads\/sites\/4\/2023\/10\/UQAM_feminisphere_vignette_1080x1080-300x300.png","coauthors":[{"link":"https:\/\/revues.uqam.ca\/prefix\/author\/bourget-lapointe-sandrine\/","display_name":"Bourget-Lapointe, Sandrine"},{"link":"https:\/\/revues.uqam.ca\/prefix\/author\/petiteau-liza\/","display_name":"Petiteau, Liza"}],"tax_additional":{"categories":{"linked":["<a href=\"https:\/\/revues.uqam.ca\/prefix\/category\/ressources\/\" class=\"advgb-post-tax-term\">Ressources<\/a>","<a href=\"https:\/\/revues.uqam.ca\/prefix\/category\/videos\/\" class=\"advgb-post-tax-term\">Vid\u00e9os<\/a>"],"unlinked":["<span class=\"advgb-post-tax-term\">Ressources<\/span>","<span class=\"advgb-post-tax-term\">Vid\u00e9os<\/span>"]},"tags":{"linked":["<a href=\"https:\/\/revues.uqam.ca\/prefix\/category\/videos\/\" class=\"advgb-post-tax-term\">communication inclusive<\/a>","<a href=\"https:\/\/revues.uqam.ca\/prefix\/category\/videos\/\" class=\"advgb-post-tax-term\">\u00c9tudes f\u00e9ministes<\/a>","<a href=\"https:\/\/revues.uqam.ca\/prefix\/category\/videos\/\" class=\"advgb-post-tax-term\">identit\u00e9 de genre<\/a>","<a href=\"https:\/\/revues.uqam.ca\/prefix\/category\/videos\/\" class=\"advgb-post-tax-term\">inclusivit\u00e9<\/a>"],"unlinked":["<span class=\"advgb-post-tax-term\">communication inclusive<\/span>","<span class=\"advgb-post-tax-term\">\u00c9tudes f\u00e9ministes<\/span>","<span class=\"advgb-post-tax-term\">identit\u00e9 de genre<\/span>","<span class=\"advgb-post-tax-term\">inclusivit\u00e9<\/span>"]}},"comment_count":"0","relative_dates":{"created":"Posted 3 ann\u00e9es ago","modified":"Updated 2 ann\u00e9es ago"},"absolute_dates":{"created":"Posted on 4 mars 2024","modified":"Updated on 2 mai 2024"},"absolute_dates_time":{"created":"Posted on 4 mars 2024 12 h 00 min","modified":"Updated on 2 mai 2024 8 h 06 min"},"featured_img_caption":"","series_order":"","authors":[{"term_id":442,"user_id":0,"is_guest":1,"slug":"bourget-lapointe-sandrine","display_name":"Bourget-Lapointe, Sandrine","avatar_url":{"url":"https:\/\/revues.uqam.ca\/prefix\/wp-content\/uploads\/sites\/4\/2023\/10\/asterisque-2048x2048-66.png","url2x":"https:\/\/revues.uqam.ca\/prefix\/wp-content\/uploads\/sites\/4\/2023\/10\/asterisque-2048x2048-66.png"},"author_category":"","user_url":"","last_name":"Bourget-Lapointe","first_name":"Sandrine","job_title":"","description":"Libraire co-fondateurice de la librairie f\u00e9ministe L\u2019Eugu\u00e9lionne. Sandrine a fait des \u00e9tudes de premier et de deuxi\u00e8me cycle en \u00e9tudes litt\u00e9raires avec concentration en \u00e9tudes f\u00e9ministes \u00e0 l\u2019UQAM de 2011 \u00e0 2019 ainsi que suivre un programme de formation continue en linguistique appliqu\u00e9e \u00e0 l\u2019\u00e9tude de la grammaire. Iel fait de la formation, de la r\u00e9vision et des conseils en communication inclusive depuis 2014."},{"term_id":443,"user_id":0,"is_guest":1,"slug":"petiteau-liza","display_name":"Petiteau, Liza","avatar_url":{"url":"https:\/\/revues.uqam.ca\/prefix\/wp-content\/uploads\/sites\/4\/2023\/10\/asterisque-2048x2048-59.png","url2x":"https:\/\/revues.uqam.ca\/prefix\/wp-content\/uploads\/sites\/4\/2023\/10\/asterisque-2048x2048-59.png"},"author_category":"","user_url":"","last_name":"Petiteau","first_name":"Liza","job_title":"","description":"Charg\u00e9e de cours, professeure associ\u00e9e et conseill\u00e8re en p\u00e9dagogie universitaire \u00e0 l'UQAM."}],"_links":{"self":[{"href":"https:\/\/revues.uqam.ca\/prefix\/wp-json\/wp\/v2\/posts\/2503","targetHints":{"allow":["GET"]}}],"collection":[{"href":"https:\/\/revues.uqam.ca\/prefix\/wp-json\/wp\/v2\/posts"}],"about":[{"href":"https:\/\/revues.uqam.ca\/prefix\/wp-json\/wp\/v2\/types\/post"}],"author":[{"embeddable":true,"href":"https:\/\/revues.uqam.ca\/prefix\/wp-json\/wp\/v2\/users\/1"}],"replies":[{"embeddable":true,"href":"https:\/\/revues.uqam.ca\/prefix\/wp-json\/wp\/v2\/comments?post=2503"}],"version-history":[{"count":6,"href":"https:\/\/revues.uqam.ca\/prefix\/wp-json\/wp\/v2\/posts\/2503\/revisions"}],"predecessor-version":[{"id":3783,"href":"https:\/\/revues.uqam.ca\/prefix\/wp-json\/wp\/v2\/posts\/2503\/revisions\/3783"}],"wp:featuredmedia":[{"embeddable":true,"href":"https:\/\/revues.uqam.ca\/prefix\/wp-json\/wp\/v2\/media\/1926"}],"wp:attachment":[{"href":"https:\/\/revues.uqam.ca\/prefix\/wp-json\/wp\/v2\/media?parent=2503"}],"wp:term":[{"taxonomy":"category","embeddable":true,"href":"https:\/\/revues.uqam.ca\/prefix\/wp-json\/wp\/v2\/categories?post=2503"},{"taxonomy":"post_tag","embeddable":true,"href":"https:\/\/revues.uqam.ca\/prefix\/wp-json\/wp\/v2\/tags?post=2503"},{"taxonomy":"author","embeddable":true,"href":"https:\/\/revues.uqam.ca\/prefix\/wp-json\/wp\/v2\/ppma_author?post=2503"}],"curies":[{"name":"wp","href":"https:\/\/api.w.org\/{rel}","templated":true}]}}