{"id":2454,"date":"2024-05-24T04:00:00","date_gmt":"2024-05-24T08:00:00","guid":{"rendered":"https:\/\/revues.uqam.ca\/prefix\/?p=2454"},"modified":"2024-06-26T10:14:03","modified_gmt":"2024-06-26T14:14:03","slug":"refemi-site-collaboratif-sur-les-feminismes","status":"publish","type":"post","link":"https:\/\/revues.uqam.ca\/prefix\/ressources\/refemi-site-collaboratif-sur-les-feminismes\/","title":{"rendered":"Refemi &#8211; site collaboratif sur les f\u00e9minismes"},"content":{"rendered":"\n<p>Selon le Manifeste du <a href=\"https:\/\/refemi.notion.site\/Manifeste-fe7edd83e6ce4e26af471310c7ea2a4d\" target=\"_blank\" rel=\"noreferrer noopener\">site Refemi<\/a>:<\/p>\n\n\n\n<blockquote class=\"wp-block-quote is-layout-flow wp-block-quote-is-layout-flow\">\n<p><em><strong>Collaboratif<\/strong><\/em><\/p>\n\n\n\n<p><em>Refemi, c\u2019est une plateforme collaborative qui centralise des essais, des ouvrages th\u00e9oriques, des romans, des documentaires, des films, des podcasts, des \u0153uvres d&rsquo;art &#8230; pour vous permettre de vous questionner, d\u2019avancer et d\u2019aiguiser votre esprit critique tout en nourrissant votre curiosit\u00e9.<\/em><\/p>\n\n\n\n<p><em>Refemi est un projet collectif. Chacune et chacun est invit\u00e9.e \u00e0 contribuer sur la plateforme, \u00e0 se l\u2019approprier, \u00e0 la faire grandir.<\/em><\/p>\n\n\n\n<p><em><strong>Accessible<\/strong><\/em><\/p>\n\n\n\n<p><em>Refemi a \u00e9t\u00e9 con\u00e7u comme un outil pour vous aider, pour vous apporter du contenu, que vous soyez un.e expert.e dans un domaine \u00e0 la recherche de travaux pointus ou que vous d\u00e9butiez votre cheminement.<\/em><\/p>\n\n\n\n<p><em>Refemi a pour but de mettre en valeur les travaux des auteur.ice.s et artistes, de vous aider \u00e0 faire des liens entre les \u0153uvres, entre les id\u00e9es, entre les \u00e9poques.<\/em><\/p>\n\n\n\n<p><strong><em>Inclusif<\/em><\/strong><\/p>\n\n\n\n<p><em>Un concept inclusif : notre vocation est de pr\u00e9senter des oeuvres appartenant \u00e0 diff\u00e9rents courants f\u00e9ministes, inscrites dans une temporalit\u00e9 large et en provenance du monde entier. Nous ne revendiquons pas d\u2019affiliation \u00e0 un courant de pens\u00e9e particulier. Notre travail consiste \u00e0 vous apporter des \u00e9l\u00e9ments pour approfondir vos r\u00e9flexions et vos propres recherches. Ce projet, bien qu\u2019\u00e0 notre initiative, est un projet commun et ouvert \u00e0 toutes et \u00e0 tous.<\/em><\/p>\n\n\n\n<p><em>Refemi<\/em> est un site collaboratif sur les f\u00e9minismes cr\u00e9\u00e9 en 2023 et \u00e9dit\u00e9 par Margaux<\/p>\n<\/blockquote>\n\n\n\n<div class=\"wp-block-advgb-button alignnone\"><a class=\"wp-block-advgb-button_link advgbbtn-5ada5ecb-14a8-4cae-8e77-00a08d1324c7\" href=\"https:\/\/refemi.notion.site\/Refemi-f6aa6f33447f4bbd925bb1d8acf0c462\" target=\"_blank\" rel=\"noopener noreferrer\"><span>Visiter le site du Refemi<\/span><\/a><\/div>\n<style class=\"advgb-styles-renderer\">.advgbbtn-5ada5ecb-14a8-4cae-8e77-00a08d1324c7{font-size:41px;color:#fff !important;background-color:#2196f3 !important;margin:0px 0px 0px 0px !important;padding:10px 30px 10px 30px;border-width:1px !important;border-style:none;border-radius:50px !important;}.advgbbtn-5ada5ecb-14a8-4cae-8e77-00a08d1324c7:hover{box-shadow:1px 1px 12px 0px #ccc;opacity:1;transition:all 0.2s ease;}.advgbbtn-5ada5ecb-14a8-4cae-8e77-00a08d1324c7 > i {display: none !important;}<\/style>","protected":false},"excerpt":{"rendered":"<p>Selon le Manifeste du site Refemi: Collaboratif Refemi, c\u2019est une plateforme collaborative qui centralise des essais, des ouvrages th\u00e9oriques, des romans, des documentaires, des films, des podcasts, des \u0153uvres d&rsquo;art &#8230; pour vous permettre de vous questionner, d\u2019avancer et d\u2019aiguiser votre esprit critique tout en nourrissant votre curiosit\u00e9. Refemi est un projet collectif. Chacune et [&hellip;]<\/p>\n","protected":false},"author":1,"featured_media":1926,"comment_status":"closed","ping_status":"closed","sticky":false,"template":"","format":"standard","meta":{"_acf_changed":false,"advgb_blocks_editor_width":"","advgb_blocks_columns_visual_guide":"","footnotes":""},"categories":[373],"tags":[],"ppma_author":[510],"class_list":["post-2454","post","type-post","status-publish","format-standard","has-post-thumbnail","hentry","category-ressources"],"acf":[],"yoast_head":"<!-- This site is optimized with the Yoast SEO plugin v22.1 - https:\/\/yoast.com\/wordpress\/plugins\/seo\/ -->\n<title>Refemi - site collaboratif sur les f\u00e9minismes | PR\u00c9FIX<\/title>\n<meta name=\"robots\" content=\"index, follow, max-snippet:-1, max-image-preview:large, max-video-preview:-1\" \/>\n<link rel=\"canonical\" href=\"https:\/\/revues.uqam.ca\/prefix\/ressources\/refemi-site-collaboratif-sur-les-feminismes\/\" \/>\n<meta property=\"og:locale\" content=\"fr_CA\" \/>\n<meta property=\"og:type\" content=\"article\" \/>\n<meta property=\"og:title\" content=\"Refemi - site collaboratif sur les f\u00e9minismes | PR\u00c9FIX\" \/>\n<meta property=\"og:description\" content=\"Selon le Manifeste du site Refemi: Collaboratif Refemi, c\u2019est une plateforme collaborative qui centralise des essais, des ouvrages th\u00e9oriques, des romans, des documentaires, des films, des podcasts, des \u0153uvres d&rsquo;art &#8230; pour vous permettre de vous questionner, d\u2019avancer et d\u2019aiguiser votre esprit critique tout en nourrissant votre curiosit\u00e9. Refemi est un projet collectif. Chacune et [&hellip;]\" \/>\n<meta property=\"og:url\" content=\"https:\/\/revues.uqam.ca\/prefix\/ressources\/refemi-site-collaboratif-sur-les-feminismes\/\" \/>\n<meta property=\"og:site_name\" content=\"PR\u00c9FIX\" \/>\n<meta property=\"article:published_time\" content=\"2024-05-24T08:00:00+00:00\" \/>\n<meta property=\"article:modified_time\" content=\"2024-06-26T14:14:03+00:00\" \/>\n<meta property=\"og:image\" content=\"https:\/\/revues.uqam.ca\/prefix\/wp-content\/uploads\/sites\/4\/2023\/10\/UQAM_feminisphere_vignette_1080x1080.png\" \/>\n\t<meta property=\"og:image:width\" content=\"1081\" \/>\n\t<meta property=\"og:image:height\" content=\"1081\" \/>\n\t<meta property=\"og:image:type\" content=\"image\/png\" \/>\n<meta name=\"author\" content=\"Maurel, Margaux\" \/>\n<meta name=\"twitter:card\" content=\"summary_large_image\" \/>\n<meta name=\"twitter:label1\" content=\"\u00c9crit par\" \/>\n\t<meta name=\"twitter:data1\" content=\"Laporte, Jonathan\" \/>\n\t<meta name=\"twitter:label2\" content=\"Estimation du temps de lecture\" \/>\n\t<meta name=\"twitter:data2\" content=\"1 minute\" \/>\n<script type=\"application\/ld+json\" class=\"yoast-schema-graph\">{\"@context\":\"https:\/\/schema.org\",\"@graph\":[{\"@type\":\"WebPage\",\"@id\":\"https:\/\/revues.uqam.ca\/prefix\/ressources\/refemi-site-collaboratif-sur-les-feminismes\/\",\"url\":\"https:\/\/revues.uqam.ca\/prefix\/ressources\/refemi-site-collaboratif-sur-les-feminismes\/\",\"name\":\"Refemi - site collaboratif sur les f\u00e9minismes | PR\u00c9FIX\",\"isPartOf\":{\"@id\":\"https:\/\/revues.uqam.ca\/prefix\/#website\"},\"datePublished\":\"2024-05-24T08:00:00+00:00\",\"dateModified\":\"2024-06-26T14:14:03+00:00\",\"author\":{\"@id\":\"https:\/\/revues.uqam.ca\/prefix\/#\/schema\/person\/2f138bcb5848bbd3421eb9d222e87983\"},\"breadcrumb\":{\"@id\":\"https:\/\/revues.uqam.ca\/prefix\/ressources\/refemi-site-collaboratif-sur-les-feminismes\/#breadcrumb\"},\"inLanguage\":\"fr-CA\",\"potentialAction\":[{\"@type\":\"ReadAction\",\"target\":[\"https:\/\/revues.uqam.ca\/prefix\/ressources\/refemi-site-collaboratif-sur-les-feminismes\/\"]}]},{\"@type\":\"BreadcrumbList\",\"@id\":\"https:\/\/revues.uqam.ca\/prefix\/ressources\/refemi-site-collaboratif-sur-les-feminismes\/#breadcrumb\",\"itemListElement\":[{\"@type\":\"ListItem\",\"position\":1,\"name\":\"UQAM\",\"item\":\"https:\/\/uqam.ca\"},{\"@type\":\"ListItem\",\"position\":2,\"name\":\"PR\u00c9FIX\",\"item\":\"https:\/\/revues.uqam.ca\/prefix\"},{\"@type\":\"ListItem\",\"position\":3,\"name\":\"Refemi &#8211; site collaboratif sur les f\u00e9minismes\"}]},{\"@type\":\"WebSite\",\"@id\":\"https:\/\/revues.uqam.ca\/prefix\/#website\",\"url\":\"https:\/\/revues.uqam.ca\/prefix\/\",\"name\":\"PR\u00c9FIX\",\"description\":\"\",\"potentialAction\":[{\"@type\":\"SearchAction\",\"target\":{\"@type\":\"EntryPoint\",\"urlTemplate\":\"https:\/\/revues.uqam.ca\/prefix\/recherche\/?q={search_term_string}\"},\"query-input\":\"required name=search_term_string\"}],\"inLanguage\":\"fr-CA\"},{\"@type\":\"Person\",\"@id\":\"https:\/\/revues.uqam.ca\/prefix\/#\/schema\/person\/2f138bcb5848bbd3421eb9d222e87983\",\"name\":\"Laporte, Jonathan\",\"image\":{\"@type\":\"ImageObject\",\"inLanguage\":\"fr-CA\",\"@id\":\"https:\/\/revues.uqam.ca\/prefix\/#\/schema\/person\/image\/194bb2b0bbe9a7a9dbd334f4190811e1\",\"url\":\"https:\/\/secure.gravatar.com\/avatar\/064745b4f9b92b9af7de294b8db82c824b80019f5ffd151c99b31426eeff56de?s=96&d=mm&r=g\",\"contentUrl\":\"https:\/\/secure.gravatar.com\/avatar\/064745b4f9b92b9af7de294b8db82c824b80019f5ffd151c99b31426eeff56de?s=96&d=mm&r=g\",\"caption\":\"Laporte, Jonathan\"},\"sameAs\":[\"https:\/\/revues.uqam.ca\"],\"url\":\"https:\/\/revues.uqam.ca\/prefix\/author\/laporte_jon\/\"}]}<\/script>\n<!-- \/ Yoast SEO plugin. -->","yoast_head_json":{"title":"Refemi - site collaboratif sur les f\u00e9minismes | PR\u00c9FIX","robots":{"index":"index","follow":"follow","max-snippet":"max-snippet:-1","max-image-preview":"max-image-preview:large","max-video-preview":"max-video-preview:-1"},"canonical":"https:\/\/revues.uqam.ca\/prefix\/ressources\/refemi-site-collaboratif-sur-les-feminismes\/","og_locale":"fr_CA","og_type":"article","og_title":"Refemi - site collaboratif sur les f\u00e9minismes | PR\u00c9FIX","og_description":"Selon le Manifeste du site Refemi: Collaboratif Refemi, c\u2019est une plateforme collaborative qui centralise des essais, des ouvrages th\u00e9oriques, des romans, des documentaires, des films, des podcasts, des \u0153uvres d&rsquo;art &#8230; pour vous permettre de vous questionner, d\u2019avancer et d\u2019aiguiser votre esprit critique tout en nourrissant votre curiosit\u00e9. Refemi est un projet collectif. Chacune et [&hellip;]","og_url":"https:\/\/revues.uqam.ca\/prefix\/ressources\/refemi-site-collaboratif-sur-les-feminismes\/","og_site_name":"PR\u00c9FIX","article_published_time":"2024-05-24T08:00:00+00:00","article_modified_time":"2024-06-26T14:14:03+00:00","og_image":[{"width":1081,"height":1081,"url":"https:\/\/revues.uqam.ca\/prefix\/wp-content\/uploads\/sites\/4\/2023\/10\/UQAM_feminisphere_vignette_1080x1080.png","type":"image\/png"}],"author":"Maurel, Margaux","twitter_card":"summary_large_image","twitter_misc":{"\u00c9crit par":"Laporte, Jonathan","Estimation du temps de lecture":"1 minute"},"schema":{"@context":"https:\/\/schema.org","@graph":[{"@type":"WebPage","@id":"https:\/\/revues.uqam.ca\/prefix\/ressources\/refemi-site-collaboratif-sur-les-feminismes\/","url":"https:\/\/revues.uqam.ca\/prefix\/ressources\/refemi-site-collaboratif-sur-les-feminismes\/","name":"Refemi - site collaboratif sur les f\u00e9minismes | PR\u00c9FIX","isPartOf":{"@id":"https:\/\/revues.uqam.ca\/prefix\/#website"},"datePublished":"2024-05-24T08:00:00+00:00","dateModified":"2024-06-26T14:14:03+00:00","author":{"@id":"https:\/\/revues.uqam.ca\/prefix\/#\/schema\/person\/2f138bcb5848bbd3421eb9d222e87983"},"breadcrumb":{"@id":"https:\/\/revues.uqam.ca\/prefix\/ressources\/refemi-site-collaboratif-sur-les-feminismes\/#breadcrumb"},"inLanguage":"fr-CA","potentialAction":[{"@type":"ReadAction","target":["https:\/\/revues.uqam.ca\/prefix\/ressources\/refemi-site-collaboratif-sur-les-feminismes\/"]}]},{"@type":"BreadcrumbList","@id":"https:\/\/revues.uqam.ca\/prefix\/ressources\/refemi-site-collaboratif-sur-les-feminismes\/#breadcrumb","itemListElement":[{"@type":"ListItem","position":1,"name":"UQAM","item":"https:\/\/uqam.ca"},{"@type":"ListItem","position":2,"name":"PR\u00c9FIX","item":"https:\/\/revues.uqam.ca\/prefix"},{"@type":"ListItem","position":3,"name":"Refemi &#8211; site collaboratif sur les f\u00e9minismes"}]},{"@type":"WebSite","@id":"https:\/\/revues.uqam.ca\/prefix\/#website","url":"https:\/\/revues.uqam.ca\/prefix\/","name":"PR\u00c9FIX","description":"","potentialAction":[{"@type":"SearchAction","target":{"@type":"EntryPoint","urlTemplate":"https:\/\/revues.uqam.ca\/prefix\/recherche\/?q={search_term_string}"},"query-input":"required name=search_term_string"}],"inLanguage":"fr-CA"},{"@type":"Person","@id":"https:\/\/revues.uqam.ca\/prefix\/#\/schema\/person\/2f138bcb5848bbd3421eb9d222e87983","name":"Laporte, Jonathan","image":{"@type":"ImageObject","inLanguage":"fr-CA","@id":"https:\/\/revues.uqam.ca\/prefix\/#\/schema\/person\/image\/194bb2b0bbe9a7a9dbd334f4190811e1","url":"https:\/\/secure.gravatar.com\/avatar\/064745b4f9b92b9af7de294b8db82c824b80019f5ffd151c99b31426eeff56de?s=96&d=mm&r=g","contentUrl":"https:\/\/secure.gravatar.com\/avatar\/064745b4f9b92b9af7de294b8db82c824b80019f5ffd151c99b31426eeff56de?s=96&d=mm&r=g","caption":"Laporte, Jonathan"},"sameAs":["https:\/\/revues.uqam.ca"],"url":"https:\/\/revues.uqam.ca\/prefix\/author\/laporte_jon\/"}]}},"author_meta":{"display_name":"Laporte, Jonathan","author_link":"https:\/\/revues.uqam.ca\/prefix\/author\/laporte_jon\/"},"featured_img":"https:\/\/revues.uqam.ca\/prefix\/wp-content\/uploads\/sites\/4\/2023\/10\/UQAM_feminisphere_vignette_1080x1080-300x300.png","coauthors":[{"link":"https:\/\/revues.uqam.ca\/prefix\/author\/maurel-margaux\/","display_name":"Maurel, Margaux"}],"tax_additional":{"categories":{"linked":["<a href=\"https:\/\/revues.uqam.ca\/prefix\/category\/ressources\/\" class=\"advgb-post-tax-term\">Ressources<\/a>"],"unlinked":["<span class=\"advgb-post-tax-term\">Ressources<\/span>"]}},"comment_count":"0","relative_dates":{"created":"Posted 2 ann\u00e9es ago","modified":"Updated 2 ann\u00e9es ago"},"absolute_dates":{"created":"Posted on 24 mai 2024","modified":"Updated on 26 juin 2024"},"absolute_dates_time":{"created":"Posted on 24 mai 2024 4 h 00 min","modified":"Updated on 26 juin 2024 10 h 14 min"},"featured_img_caption":"","series_order":"","authors":[{"term_id":510,"user_id":0,"is_guest":1,"slug":"maurel-margaux","display_name":"Maurel, Margaux","avatar_url":{"url":"https:\/\/revues.uqam.ca\/prefix\/wp-content\/uploads\/sites\/4\/2024\/06\/Margaux-MAUREL-HEC-CERIUM.jpg","url2x":"https:\/\/revues.uqam.ca\/prefix\/wp-content\/uploads\/sites\/4\/2024\/06\/Margaux-MAUREL-HEC-CERIUM.jpg"},"1":"","2":"","3":"","4":"","5":"","6":"","7":"","8":""}],"_links":{"self":[{"href":"https:\/\/revues.uqam.ca\/prefix\/wp-json\/wp\/v2\/posts\/2454","targetHints":{"allow":["GET"]}}],"collection":[{"href":"https:\/\/revues.uqam.ca\/prefix\/wp-json\/wp\/v2\/posts"}],"about":[{"href":"https:\/\/revues.uqam.ca\/prefix\/wp-json\/wp\/v2\/types\/post"}],"author":[{"embeddable":true,"href":"https:\/\/revues.uqam.ca\/prefix\/wp-json\/wp\/v2\/users\/1"}],"replies":[{"embeddable":true,"href":"https:\/\/revues.uqam.ca\/prefix\/wp-json\/wp\/v2\/comments?post=2454"}],"version-history":[{"count":12,"href":"https:\/\/revues.uqam.ca\/prefix\/wp-json\/wp\/v2\/posts\/2454\/revisions"}],"predecessor-version":[{"id":3838,"href":"https:\/\/revues.uqam.ca\/prefix\/wp-json\/wp\/v2\/posts\/2454\/revisions\/3838"}],"wp:featuredmedia":[{"embeddable":true,"href":"https:\/\/revues.uqam.ca\/prefix\/wp-json\/wp\/v2\/media\/1926"}],"wp:attachment":[{"href":"https:\/\/revues.uqam.ca\/prefix\/wp-json\/wp\/v2\/media?parent=2454"}],"wp:term":[{"taxonomy":"category","embeddable":true,"href":"https:\/\/revues.uqam.ca\/prefix\/wp-json\/wp\/v2\/categories?post=2454"},{"taxonomy":"post_tag","embeddable":true,"href":"https:\/\/revues.uqam.ca\/prefix\/wp-json\/wp\/v2\/tags?post=2454"},{"taxonomy":"author","embeddable":true,"href":"https:\/\/revues.uqam.ca\/prefix\/wp-json\/wp\/v2\/ppma_author?post=2454"}],"curies":[{"name":"wp","href":"https:\/\/api.w.org\/{rel}","templated":true}]}}